{"id":31878,"date":"2025-05-28T10:35:27","date_gmt":"2025-05-28T07:35:27","guid":{"rendered":"https:\/\/www.egemtv.com\/?p=31878"},"modified":"2025-05-28T10:35:31","modified_gmt":"2025-05-28T07:35:31","slug":"aydinda-yagisli-hava-etkili-olacak-2","status":"publish","type":"post","link":"https:\/\/www.egemtv.com\/?p=31878","title":{"rendered":"Ayd\u0131n\u2019da ya\u011f\u0131\u015fl\u0131 hava etkili olacak"},"content":{"rendered":"<p>Ayd\u0131n\u2019da iki g\u00fcnl\u00fck aran\u0131n ard\u0131ndan yar\u0131ndan itibaren ya\u011f\u0131\u015fl\u0131 havan\u0131n tekrar etkili olmas\u0131 bekleniyor.<br \/>\n<br \/>Ayd\u0131n\u2019da ge\u00e7ti\u011fimiz Pazartesi g\u00fcn\u00fc aral\u0131klarla etkili olan sa\u011fanak ya\u011f\u0131\u015fl\u0131 havan\u0131n ard\u0131ndan, ya\u011f\u0131\u015flar\u0131n yar\u0131ndan itibaren ba\u015flayarak 3 g\u00fcn boyunca zaman zaman etkili olmas\u0131 bekleniyor. Meteoroloji verilerine g\u00f6re Ayd\u0131n\u2019da havan\u0131n bug\u00fcn par\u00e7al\u0131 ve az bulutlu, yar\u0131n Par\u00e7al\u0131 ve az bulutlu, do\u011fu kesimleri par\u00e7al\u0131 ve \u00e7ok bulutlu yerel sa\u011fanak ve g\u00f6k g\u00fcr\u00fclt\u00fcl\u00fc sa\u011fanak ya\u011f\u0131\u015fl\u0131, Cuma Par\u00e7al\u0131 ve \u00e7ok bulutlu, sa\u011fanak ve g\u00f6k g\u00fcr\u00fclt\u00fcl\u00fc sa\u011fanak ya\u011f\u0131\u015fl\u0131, Cumartesi par\u00e7al\u0131 ve \u00e7ok bulutlu, sa\u011fanak ve g\u00f6k g\u00fcr\u00fclt\u00fcl\u00fc sa\u011fanak ya\u011f\u0131\u015fl\u0131, Pazar par\u00e7al\u0131 ve az bulutlu olaca\u011f\u0131 tahmin ediliyor. 30 derece civar\u0131nda seyreden hava s\u0131cakl\u0131klar\u0131nda da 5 derece d\u00fc\u015f\u00fc\u015f bekleniyor.<br \/><\/p>\n","protected":false},"excerpt":{"rendered":"<p>Ayd\u0131n\u2019da iki g\u00fcnl\u00fck aran\u0131n ard\u0131ndan yar\u0131ndan itibaren ya\u011f\u0131\u015fl\u0131 havan\u0131n tekrar etkili olmas\u0131 bekleniyor. Ayd\u0131n\u2019da ge\u00e7ti\u011fimiz Pazartesi g\u00fcn\u00fc aral\u0131klarla etkili olan sa\u011fanak ya\u011f\u0131\u015fl\u0131 havan\u0131n ard\u0131ndan, ya\u011f\u0131\u015flar\u0131n yar\u0131ndan itibaren ba\u015flayarak 3 g\u00fcn boyunca zaman zaman etkili olmas\u0131 bekleniyor. Meteoroloji verilerine g\u00f6re Ayd\u0131n\u2019da havan\u0131n bug\u00fcn par\u00e7al\u0131 ve az bulutlu, yar\u0131n Par\u00e7al\u0131 ve az bulutlu, do\u011fu kesimleri par\u00e7al\u0131 ve&#8230;<\/p>\n","protected":false},"author":1,"featured_media":31879,"comment_status":"open","ping_status":"open","sticky":false,"template":"","format":"standard","meta":{"_crdt_document":"","footnotes":""},"categories":[1],"tags":[],"class_list":["post-31878","post","type-post","status-publish","format-standard","has-post-thumbnail","hentry","category-guncel"],"_links":{"self":[{"href":"https:\/\/www.egemtv.com\/index.php?rest_route=\/wp\/v2\/posts\/31878","targetHints":{"allow":["GET"]}}],"collection":[{"href":"https:\/\/www.egemtv.com\/index.php?rest_route=\/wp\/v2\/posts"}],"about":[{"href":"https:\/\/www.egemtv.com\/index.php?rest_route=\/wp\/v2\/types\/post"}],"author":[{"embeddable":true,"href":"https:\/\/www.egemtv.com\/index.php?rest_route=\/wp\/v2\/users\/1"}],"replies":[{"embeddable":true,"href":"https:\/\/www.egemtv.com\/index.php?rest_route=%2Fwp%2Fv2%2Fcomments&post=31878"}],"version-history":[{"count":1,"href":"https:\/\/www.egemtv.com\/index.php?rest_route=\/wp\/v2\/posts\/31878\/revisions"}],"predecessor-version":[{"id":31880,"href":"https:\/\/www.egemtv.com\/index.php?rest_route=\/wp\/v2\/posts\/31878\/revisions\/31880"}],"wp:featuredmedia":[{"embeddable":true,"href":"https:\/\/www.egemtv.com\/index.php?rest_route=\/wp\/v2\/media\/31879"}],"wp:attachment":[{"href":"https:\/\/www.egemtv.com\/index.php?rest_route=%2Fwp%2Fv2%2Fmedia&parent=31878"}],"wp:term":[{"taxonomy":"category","embeddable":true,"href":"https:\/\/www.egemtv.com\/index.php?rest_route=%2Fwp%2Fv2%2Fcategories&post=31878"},{"taxonomy":"post_tag","embeddable":true,"href":"https:\/\/www.egemtv.com\/index.php?rest_route=%2Fwp%2Fv2%2Ftags&post=31878"}],"curies":[{"name":"wp","href":"https:\/\/api.w.org\/{rel}","templated":true}]}}