{"id":31875,"date":"2025-05-28T10:35:25","date_gmt":"2025-05-28T07:35:25","guid":{"rendered":"https:\/\/www.egemtv.com\/?p=31875"},"modified":"2025-05-28T10:35:26","modified_gmt":"2025-05-28T07:35:26","slug":"sinanpasada-motosiklet-suruculerine-yonelik-denetimi","status":"publish","type":"post","link":"https:\/\/www.egemtv.com\/?p=31875","title":{"rendered":"Sinanpa\u015fa\u2019da motosiklet s\u00fcr\u00fcc\u00fclerine y\u00f6nelik denetimi"},"content":{"rendered":"<p>Afyonkarahisar\u2019\u0131n Sinanpa\u015fa il\u00e7esinde polis taraf\u0131ndan ger\u00e7ekle\u015ftirilen motosiklet denetimlerinde 4 motosiklet ve s\u00fcr\u00fcc\u00fcs\u00fcne toplamda 30 bin 111 TL idari para cezas\u0131 uyguland\u0131.<br \/>\n<br \/>Denetimlerde s\u00fcr\u00fcc\u00fclerin trafik g\u00fcvenli\u011fini tehdit eden unsurlar ba\u015fta olmak \u00fczere, kask kullan\u0131m\u0131, ehliyet kontrol\u00fc ve ara\u00e7lar\u0131n teknik yeterlilikleri de\u011ferlendirildi. Kurallara uymayan s\u00fcr\u00fcc\u00fcler hakk\u0131nda yasal i\u015flem yap\u0131ld\u0131. Sinanpa\u015fa \u0130l\u00e7e Emniyet Amirli\u011fi taraf\u0131ndan yap\u0131lan a\u00e7\u0131klamada, &#8220;Ya\u015fam\u0131m\u0131z i\u00e7in, gelece\u011fimiz i\u00e7in l\u00fctfen kurallara uyal\u0131m. Amac\u0131m\u0131z ceza de\u011fil, sizin sa\u011fl\u0131\u011f\u0131n\u0131z ve gelece\u011finizdir&#8221; ifadelerine yer verildi.<br \/><\/p>\n","protected":false},"excerpt":{"rendered":"<p>Afyonkarahisar\u2019\u0131n Sinanpa\u015fa il\u00e7esinde polis taraf\u0131ndan ger\u00e7ekle\u015ftirilen motosiklet denetimlerinde 4 motosiklet ve s\u00fcr\u00fcc\u00fcs\u00fcne toplamda 30 bin 111 TL idari para cezas\u0131 uyguland\u0131. Denetimlerde s\u00fcr\u00fcc\u00fclerin trafik g\u00fcvenli\u011fini tehdit eden unsurlar ba\u015fta olmak \u00fczere, kask kullan\u0131m\u0131, ehliyet kontrol\u00fc ve ara\u00e7lar\u0131n teknik yeterlilikleri de\u011ferlendirildi. Kurallara uymayan s\u00fcr\u00fcc\u00fcler hakk\u0131nda yasal i\u015flem yap\u0131ld\u0131. Sinanpa\u015fa \u0130l\u00e7e Emniyet Amirli\u011fi taraf\u0131ndan yap\u0131lan a\u00e7\u0131klamada, &#8220;Ya\u015fam\u0131m\u0131z&#8230;<\/p>\n","protected":false},"author":1,"featured_media":31876,"comment_status":"open","ping_status":"open","sticky":false,"template":"","format":"standard","meta":{"_crdt_document":"","footnotes":""},"categories":[5],"tags":[],"class_list":["post-31875","post","type-post","status-publish","format-standard","has-post-thumbnail","hentry","category-asayis"],"_links":{"self":[{"href":"https:\/\/www.egemtv.com\/index.php?rest_route=\/wp\/v2\/posts\/31875","targetHints":{"allow":["GET"]}}],"collection":[{"href":"https:\/\/www.egemtv.com\/index.php?rest_route=\/wp\/v2\/posts"}],"about":[{"href":"https:\/\/www.egemtv.com\/index.php?rest_route=\/wp\/v2\/types\/post"}],"author":[{"embeddable":true,"href":"https:\/\/www.egemtv.com\/index.php?rest_route=\/wp\/v2\/users\/1"}],"replies":[{"embeddable":true,"href":"https:\/\/www.egemtv.com\/index.php?rest_route=%2Fwp%2Fv2%2Fcomments&post=31875"}],"version-history":[{"count":1,"href":"https:\/\/www.egemtv.com\/index.php?rest_route=\/wp\/v2\/posts\/31875\/revisions"}],"predecessor-version":[{"id":31877,"href":"https:\/\/www.egemtv.com\/index.php?rest_route=\/wp\/v2\/posts\/31875\/revisions\/31877"}],"wp:featuredmedia":[{"embeddable":true,"href":"https:\/\/www.egemtv.com\/index.php?rest_route=\/wp\/v2\/media\/31876"}],"wp:attachment":[{"href":"https:\/\/www.egemtv.com\/index.php?rest_route=%2Fwp%2Fv2%2Fmedia&parent=31875"}],"wp:term":[{"taxonomy":"category","embeddable":true,"href":"https:\/\/www.egemtv.com\/index.php?rest_route=%2Fwp%2Fv2%2Fcategories&post=31875"},{"taxonomy":"post_tag","embeddable":true,"href":"https:\/\/www.egemtv.com\/index.php?rest_route=%2Fwp%2Fv2%2Ftags&post=31875"}],"curies":[{"name":"wp","href":"https:\/\/api.w.org\/{rel}","templated":true}]}}