{"id":31872,"date":"2025-05-28T10:35:20","date_gmt":"2025-05-28T07:35:20","guid":{"rendered":"https:\/\/www.egemtv.com\/?p=31872"},"modified":"2025-05-28T10:35:25","modified_gmt":"2025-05-28T07:35:25","slug":"efeler-yolunun-iki-ayri-tasarimi-turk-patent-ve-marka-kurumu-tarafindan-tescillendi","status":"publish","type":"post","link":"https:\/\/www.egemtv.com\/?p=31872","title":{"rendered":"Efeler Yolu\u2019nun iki ayr\u0131 tasar\u0131m\u0131 T\u00fcrk Patent ve Marka Kurumu taraf\u0131ndan tescillendi"},"content":{"rendered":"<p>Ege \u00dcniversitesi E\u011fitim Fak\u00fcltesi G\u00fczel Sanatlar E\u011fitimi B\u00f6l\u00fcm\u00fc \u00f6\u011fretim \u00fcyesi Do\u00e7. Dr. Ekin Bozta\u015f, Efeler Yolu K\u00fclt\u00fcr Rotas\u0131 i\u00e7in haz\u0131rlad\u0131\u011f\u0131 m\u00fch\u00fcr logo tasar\u0131mlar\u0131 ve Efeler Yolu Alt\u0131n M\u00fch\u00fcr tasar\u0131m\u0131yla T\u00fcrk Patent ve Marka Kurumu\u2019ndan iki ayr\u0131 tasar\u0131m tescili belgesi almaya hak kazand\u0131.<br \/>\n<br \/>Ege \u00dcniversitesi Rekt\u00f6r\u00fc Prof. Dr. Necdet Budak, Efeler Yolu Proje ekibinde g\u00f6rsel kimlik tasar\u0131mc\u0131s\u0131 alarak yer alan Do\u00e7. Dr. Ekin Bozta\u015f\u2019\u0131 ve E\u011fitim Fak\u00fcltesi Dekan\u0131 Prof. Dr. Osman Ferda Beytekin\u2019i makam\u0131nda a\u011f\u0131rlad\u0131. Rekt\u00f6r Prof. Dr. Necdet Budak, &#8220;\u00dcniversitemiz Spor Bilimleri Fak\u00fcltesi \u00d6\u011fretim \u00dcyesi Prof. Dr. \u00d6zg\u00fcr \u00d6zkaya\u2019n\u0131n y\u00fcr\u00fct\u00fcc\u00fcl\u00fc\u011f\u00fcnde haz\u0131rlanan, b\u00f6lgemiz turizmine ve ekonomisine \u00f6nemli katk\u0131 sunmaya ba\u015flayan uluslararas\u0131 \u00f6d\u00fcll\u00fc Efeler Yolu projemiz, T\u00fcrk Patent ve Marka Kurumu\u2019ndan iki ayr\u0131 tasar\u0131m tescili belgesi almaya uygun bulundu. K\u0131sa s\u00fcre \u00f6nce Avrupa Konseyi K\u00fclt\u00fcr Rotalar\u0131 Listesine al\u0131nan \u00fclkemizin on iki rotas\u0131ndan birisi unvan\u0131n\u0131 alan Efeler Yolu, uluslararas\u0131 tan\u0131n\u0131rl\u0131\u011fa ula\u015fm\u0131\u015f oldu.  Efeler Yolu, \u0130zmir\u2019in Bornova il\u00e7esinden ba\u015flayarak, Nif Da\u011f\u0131 ve Bozda\u011f s\u0131rada\u011flar\u0131n\u0131 ge\u00e7erek Ayd\u0131n\u2019daki Efes-Sel\u00e7uk\u2019a kadar devam eden 500 kilometrelik tarihi bir y\u00fcr\u00fcy\u00fc\u015f rotas\u0131 olarak dikkat \u00e7ekiyor. Zeybek ve Efe k\u00fclt\u00fcr\u00fcn\u00fc i\u015fleyen bu yol, 27 ana etap ve bir alternatif etap ile toplam 28 destinasyon k\u00f6y\u00fcn\u00fc birbirine ba\u011fl\u0131yor. Yolu, do\u011fal g\u00fczellikleri, tarihi zenginlikleri ve yerel de\u011ferleri ile tan\u0131tmay\u0131 hedefleyen Efeler Yolu, hem y\u00fcr\u00fcy\u00fc\u015f\u00e7\u00fcler hem de b\u00f6lge halk\u0131 i\u00e7in \u00f6nemli bir k\u00fclt\u00fcrel miras de\u011feri ta\u015f\u0131yor. \u00dcniversitemizin topluma katk\u0131 misyonu do\u011frultusunda \u00e7al\u0131\u015farak b\u00f6lgemiz turizmine can suyu olan Efeler Yolu projesini kurumsalla\u015fmas\u0131 i\u00e7in \u00e7al\u0131\u015fmalar\u0131n\u0131 s\u00fcrd\u00fcren proje ekibimizi bir kez daha tebrik ediyorum&#8221; dedi.<br \/>\n<br \/>Do\u00e7. Dr. Ekin Bozta\u015f, Efeler Yolu\u2019nun g\u00f6rsel kimli\u011finin \u00f6nemli bir par\u00e7as\u0131 olan 28 destinasyon k\u00f6y\u00fc i\u00e7in \u00f6zg\u00fcn m\u00fch\u00fcr logo tasar\u0131mlar\u0131 haz\u0131rlad\u0131. Bu tasar\u0131mlar, hem k\u00f6ylerin simgelerini temsil ediyor hem de Efeler Yolu Pasaport sisteminin bir par\u00e7as\u0131 olarak kullan\u0131l\u0131yor. Y\u00fcr\u00fcy\u00fc\u015f\u00e7\u00fcler, bu pasaportlar\u0131 edinerek tamamlad\u0131klar\u0131 her etapta, ula\u015ft\u0131klar\u0131 k\u00f6ylerin m\u00fch\u00fcrlerini pasaportlar\u0131na vurduruyor. T\u00fcrk Patent ve Marka Kurumu taraf\u0131ndan al\u0131nan tasar\u0131m tescillerinin ilki, Efeler Yolu\u2019nun 28 destinasyon k\u00f6y\u00fc i\u00e7in haz\u0131rlanan m\u00fch\u00fcr logo tasar\u0131mlar\u0131n\u0131 kaps\u0131yor. Ege \u00dcniversitesi ad\u0131na al\u0131nan bu tescil, Efeler Yolu\u2019nun kimlik tasar\u0131m\u0131nda ve pasaport sisteminde kullan\u0131lmak \u00fczere uygulanmaya ba\u015fland\u0131.<\/p>\n<p>&#8220;Alt\u0131n M\u00fch\u00fcr tasar\u0131m\u0131 k\u00fclt\u00fcr rotas\u0131 i\u00e7in d\u00fcnyada bir ilk&#8221;<br \/>\n<br \/>Tasar\u0131m\u0131n en \u00f6zel par\u00e7as\u0131 ise &#8220;Efeler Yolu Alt\u0131n M\u00fchr\u00fc&#8221;. Bu \u00f6zel m\u00fch\u00fcr, rotan\u0131n tamam\u0131n\u0131 y\u00fcr\u00fcyerek ge\u00e7ip 28 k\u00f6y m\u00fchr\u00fcn\u00fc pasaportlar\u0131na vurduran y\u00fcr\u00fcy\u00fc\u015f\u00e7\u00fclere veriliyor. Efeler Yolu Alt\u0131n M\u00fchr\u00fc, Efeler Yolu\u2019nun k\u00fclt\u00fcr rotalar\u0131 aras\u0131ndaki farkl\u0131 y\u00f6nlerinden birini simgeliyor) ve d\u00fcnyada bir ilk olarak tescillenmi\u015f durumda. Alt\u0131n M\u00fch\u00fcr tasar\u0131m\u0131 da yine Do\u00e7. Dr. Ekin Bozta\u015f taraf\u0131ndan haz\u0131rland\u0131 ve T\u00fcrk Patent ve Marka Kurumu taraf\u0131ndan tescil edildi.<br \/>\n<br \/>Efeler Yolu Pasaport sistemi, hem y\u00fcr\u00fcy\u00fc\u015f\u00e7\u00fcler i\u00e7in bir hedef koymay\u0131 hem de b\u00f6lgenin do\u011fal ve k\u00fclt\u00fcrel de\u011ferlerini daha geni\u015f kitlelere tan\u0131tmay\u0131 ama\u00e7l\u0131yor. Do\u00e7. Dr. Ekin Bozta\u015f\u2019\u0131n tasar\u0131mlar\u0131, bu vizyonun \u00f6nemli bir par\u00e7as\u0131 olarak, Efeler Yolu\u2019nu hem yerel hem de uluslararas\u0131 alanda daha g\u00f6r\u00fcn\u00fcr k\u0131lmay\u0131 hedefliyor.<br \/><\/p>\n","protected":false},"excerpt":{"rendered":"<p>Ege \u00dcniversitesi E\u011fitim Fak\u00fcltesi G\u00fczel Sanatlar E\u011fitimi B\u00f6l\u00fcm\u00fc \u00f6\u011fretim \u00fcyesi Do\u00e7. Dr. Ekin Bozta\u015f, Efeler Yolu K\u00fclt\u00fcr Rotas\u0131 i\u00e7in haz\u0131rlad\u0131\u011f\u0131 m\u00fch\u00fcr logo tasar\u0131mlar\u0131 ve Efeler Yolu Alt\u0131n M\u00fch\u00fcr tasar\u0131m\u0131yla T\u00fcrk Patent ve Marka Kurumu\u2019ndan iki ayr\u0131 tasar\u0131m tescili belgesi almaya hak kazand\u0131. Ege \u00dcniversitesi Rekt\u00f6r\u00fc Prof. Dr. Necdet Budak, Efeler Yolu Proje ekibinde g\u00f6rsel kimlik&#8230;<\/p>\n","protected":false},"author":1,"featured_media":31873,"comment_status":"open","ping_status":"open","sticky":false,"template":"","format":"standard","meta":{"_crdt_document":"","footnotes":""},"categories":[1],"tags":[],"class_list":["post-31872","post","type-post","status-publish","format-standard","has-post-thumbnail","hentry","category-guncel"],"_links":{"self":[{"href":"https:\/\/www.egemtv.com\/index.php?rest_route=\/wp\/v2\/posts\/31872","targetHints":{"allow":["GET"]}}],"collection":[{"href":"https:\/\/www.egemtv.com\/index.php?rest_route=\/wp\/v2\/posts"}],"about":[{"href":"https:\/\/www.egemtv.com\/index.php?rest_route=\/wp\/v2\/types\/post"}],"author":[{"embeddable":true,"href":"https:\/\/www.egemtv.com\/index.php?rest_route=\/wp\/v2\/users\/1"}],"replies":[{"embeddable":true,"href":"https:\/\/www.egemtv.com\/index.php?rest_route=%2Fwp%2Fv2%2Fcomments&post=31872"}],"version-history":[{"count":1,"href":"https:\/\/www.egemtv.com\/index.php?rest_route=\/wp\/v2\/posts\/31872\/revisions"}],"predecessor-version":[{"id":31874,"href":"https:\/\/www.egemtv.com\/index.php?rest_route=\/wp\/v2\/posts\/31872\/revisions\/31874"}],"wp:featuredmedia":[{"embeddable":true,"href":"https:\/\/www.egemtv.com\/index.php?rest_route=\/wp\/v2\/media\/31873"}],"wp:attachment":[{"href":"https:\/\/www.egemtv.com\/index.php?rest_route=%2Fwp%2Fv2%2Fmedia&parent=31872"}],"wp:term":[{"taxonomy":"category","embeddable":true,"href":"https:\/\/www.egemtv.com\/index.php?rest_route=%2Fwp%2Fv2%2Fcategories&post=31872"},{"taxonomy":"post_tag","embeddable":true,"href":"https:\/\/www.egemtv.com\/index.php?rest_route=%2Fwp%2Fv2%2Ftags&post=31872"}],"curies":[{"name":"wp","href":"https:\/\/api.w.org\/{rel}","templated":true}]}}