{"id":31866,"date":"2025-05-28T10:35:16","date_gmt":"2025-05-28T07:35:16","guid":{"rendered":"https:\/\/www.egemtv.com\/?p=31866"},"modified":"2025-05-28T10:35:18","modified_gmt":"2025-05-28T07:35:18","slug":"okul-servis-araclarinda-yas-siniri-bir-yil-daha-uzatildi","status":"publish","type":"post","link":"https:\/\/www.egemtv.com\/?p=31866","title":{"rendered":"Okul servis ara\u00e7lar\u0131nda ya\u015f s\u0131n\u0131r\u0131 bir y\u0131l daha uzat\u0131ld\u0131"},"content":{"rendered":"<p>\u0130zmir Otob\u00fcs\u00e7\u00fcler ve Umum Servis Ara\u00e7lar\u0131 \u0130\u015fletmecileri Esnaf Odas\u0131 Ba\u015fkan\u0131 Erdem Mert, okul servis ara\u00e7lar\u0131nda ya\u015f \u015fart\u0131n\u0131n 15 olarak 1 y\u0131l daha uzat\u0131lmas\u0131 karar\u0131n\u0131 memnuniyetle kar\u015f\u0131lad\u0131klar\u0131n\u0131 s\u00f6yledi.<br \/>\n<br \/>Okul servis ta\u015f\u0131mac\u0131l\u0131\u011f\u0131 sekt\u00f6r\u00fcn\u00fc yak\u0131ndan ilgilendiren ya\u015f s\u0131n\u0131r\u0131 uygulamas\u0131nda servis\u00e7ilere rahatlat\u0131c\u0131 bir geli\u015fme ya\u015fand\u0131. Ge\u00e7ici y\u00f6netmelikle tan\u0131nan ve 15 ya\u015f\u0131na kadar olan servis ara\u00e7lar\u0131n\u0131n \u00e7al\u0131\u015fmas\u0131na imkan tan\u0131yan d\u00fczenleme 1 Temmuz 2025 itibar\u0131yla sona erecekti. Ancak T\u00fcrkiye \u015eof\u00f6rler ve Otomobilciler Federasyonu ile birlikte y\u00fcr\u00fct\u00fclen yo\u011fun temaslar\u0131n ard\u0131ndan, bu s\u00fcre bir y\u0131l daha uzat\u0131ld\u0131. \u0130zmir Otob\u00fcs\u00e7\u00fcler ve Umum Servis Ara\u00e7lar\u0131 \u0130\u015fletmecileri Esnaf Odas\u0131 Ba\u015fkan\u0131 Erdem Mert, s\u00fcreci yak\u0131ndan takip eden ve Ankara\u2019daki temaslar\u0131n\u0131 aral\u0131ks\u0131z s\u00fcrd\u00fcren isimlerin ba\u015f\u0131nda geldi. Al\u0131nan karar\u0131n ard\u0131ndan a\u00e7\u0131klamalarda bulunan Ba\u015fkan Mert, ge\u00e7ici d\u00fczenlemenin uzat\u0131lmas\u0131n\u0131n \u00f6nemli bir geli\u015fme oldu\u011funu ancak kal\u0131c\u0131 \u00e7\u00f6z\u00fcm i\u00e7in m\u00fccadelenin devam edece\u011fini vurgulad\u0131.<\/p>\n<p>&#8220;Servis\u00e7i esnaf\u0131 nefes ald\u0131&#8221;<br \/>\n<br \/>Ba\u015fkan Erdem Mert, uygulaman\u0131n sona ermesi halinde bir\u00e7ok esnaf\u0131n ciddi ma\u011fduriyet ya\u015fayaca\u011f\u0131n\u0131 hat\u0131rlatarak, &#8220;Bu konu yaln\u0131zca bir ya\u015f meselesi de\u011fil, ayn\u0131 zamanda ge\u00e7imini sa\u011flayan binlerce esnaf\u0131n hayatta kalma m\u00fccadelesidir. 15 ya\u015f s\u0131n\u0131r\u0131n\u0131n bir y\u0131l daha uzat\u0131lmas\u0131, ba\u015fta \u0130zmir olmak \u00fczere t\u00fcm T\u00fcrkiye\u2019deki servis\u00e7iler i\u00e7in b\u00fcy\u00fck \u00f6nem ta\u015f\u0131maktad\u0131r&#8221; diye konu\u015ftu.<\/p>\n<p>&#8220;Ankara\u2019y\u0131 kap\u0131 kom\u015fusu yapt\u0131k&#8221;<br \/>\n<br \/>G\u00f6reve geldikleri g\u00fcnden bu yana esnaf\u0131n sorunlar\u0131n\u0131 \u00e7\u00f6zmek i\u00e7in sahada ve karar mercilerinde aktif olduklar\u0131n\u0131 belirten Mert, ya\u015f s\u0131n\u0131r\u0131 konusunu her platformda dile getirdiklerini ifade etti. Mert, &#8220;\u0130zmir\u2019deki odam\u0131zdan Ankara\u2019ya defalarca giderek taleplerimizi bizzat ilettik. Dosyalar\u0131m\u0131z\u0131 sunduk, raporlar\u0131m\u0131z\u0131 aktard\u0131k. Bu karar, do\u011frudan sahadaki esnaf\u0131n sesine kulak verilerek al\u0131nm\u0131\u015ft\u0131r&#8221; dedi.<\/p>\n<p>&#8220;Hedefimiz: Kal\u0131c\u0131 d\u00fczenleme&#8221;<br \/>\n<br \/>Ge\u00e7ici d\u00fczenlemenin bir nebze rahatlama sa\u011flad\u0131\u011f\u0131n\u0131 ancak nihai hedeflerinin bu uygulaman\u0131n kal\u0131c\u0131 hale getirilmesi oldu\u011funu s\u00f6yleyen Ba\u015fkan Mert, &#8220;1 y\u0131ll\u0131k uzatma yeterli de\u011fil. Servis esnaf\u0131m\u0131z\u0131n \u00f6n\u00fcn\u00fc g\u00f6rebilmesi i\u00e7in bu ya\u015f s\u0131n\u0131r\u0131n\u0131n yeniden g\u00f6zden ge\u00e7irilerek kal\u0131c\u0131 bir hale getirilmesi \u015fart&#8221; dedi. Ba\u015fkan Mert, s\u00fcre\u00e7te eme\u011fi ge\u00e7en T\u00fcrkiye \u015eof\u00f6rler ve Otomobilciler Federasyonu Ba\u015fkan\u0131 Mehmet Yi\u011finer\u2019e de te\u015fekk\u00fcr ederek, &#8220;Say\u0131n Yi\u011finer\u2019in bu s\u00fcre\u00e7te g\u00f6sterdi\u011fi kararl\u0131l\u0131k ve destek takdire \u015fayand\u0131r. Esnaf lehine sonu\u00e7lar al\u0131nmas\u0131nda \u00e7ok b\u00fcy\u00fck pay sahibidir&#8221; ifadelerini kulland\u0131.<\/p>\n<p>&#8220;M\u00fccadelemiz bitmedi&#8221;<br \/>\n<br \/>Erdem Mert, a\u00e7\u0131klamas\u0131n\u0131n sonunda, &#8220;Bu ba\u015far\u0131 hepimizin. Ancak bu sadece bir ba\u015flang\u0131\u00e7. Servis esnaf\u0131n\u0131n sesi olmaya, sorunlar\u0131n\u0131 \u00e7\u00f6zmeye kararl\u0131l\u0131kla devam edece\u011fiz. Kal\u0131c\u0131 d\u00fczenlemelerle bu sekt\u00f6r\u00fc ayakta tutmak hepimizin sorumlulu\u011fudur&#8221; a\u00e7\u0131klamas\u0131nda bulundu.<br \/><\/p>\n","protected":false},"excerpt":{"rendered":"<p>\u0130zmir Otob\u00fcs\u00e7\u00fcler ve Umum Servis Ara\u00e7lar\u0131 \u0130\u015fletmecileri Esnaf Odas\u0131 Ba\u015fkan\u0131 Erdem Mert, okul servis ara\u00e7lar\u0131nda ya\u015f \u015fart\u0131n\u0131n 15 olarak 1 y\u0131l daha uzat\u0131lmas\u0131 karar\u0131n\u0131 memnuniyetle kar\u015f\u0131lad\u0131klar\u0131n\u0131 s\u00f6yledi. Okul servis ta\u015f\u0131mac\u0131l\u0131\u011f\u0131 sekt\u00f6r\u00fcn\u00fc yak\u0131ndan ilgilendiren ya\u015f s\u0131n\u0131r\u0131 uygulamas\u0131nda servis\u00e7ilere rahatlat\u0131c\u0131 bir geli\u015fme ya\u015fand\u0131. Ge\u00e7ici y\u00f6netmelikle tan\u0131nan ve 15 ya\u015f\u0131na kadar olan servis ara\u00e7lar\u0131n\u0131n \u00e7al\u0131\u015fmas\u0131na imkan tan\u0131yan d\u00fczenleme&#8230;<\/p>\n","protected":false},"author":1,"featured_media":31867,"comment_status":"open","ping_status":"open","sticky":false,"template":"","format":"standard","meta":{"_crdt_document":"","footnotes":""},"categories":[1],"tags":[],"class_list":["post-31866","post","type-post","status-publish","format-standard","has-post-thumbnail","hentry","category-guncel"],"_links":{"self":[{"href":"https:\/\/www.egemtv.com\/index.php?rest_route=\/wp\/v2\/posts\/31866","targetHints":{"allow":["GET"]}}],"collection":[{"href":"https:\/\/www.egemtv.com\/index.php?rest_route=\/wp\/v2\/posts"}],"about":[{"href":"https:\/\/www.egemtv.com\/index.php?rest_route=\/wp\/v2\/types\/post"}],"author":[{"embeddable":true,"href":"https:\/\/www.egemtv.com\/index.php?rest_route=\/wp\/v2\/users\/1"}],"replies":[{"embeddable":true,"href":"https:\/\/www.egemtv.com\/index.php?rest_route=%2Fwp%2Fv2%2Fcomments&post=31866"}],"version-history":[{"count":1,"href":"https:\/\/www.egemtv.com\/index.php?rest_route=\/wp\/v2\/posts\/31866\/revisions"}],"predecessor-version":[{"id":31868,"href":"https:\/\/www.egemtv.com\/index.php?rest_route=\/wp\/v2\/posts\/31866\/revisions\/31868"}],"wp:featuredmedia":[{"embeddable":true,"href":"https:\/\/www.egemtv.com\/index.php?rest_route=\/wp\/v2\/media\/31867"}],"wp:attachment":[{"href":"https:\/\/www.egemtv.com\/index.php?rest_route=%2Fwp%2Fv2%2Fmedia&parent=31866"}],"wp:term":[{"taxonomy":"category","embeddable":true,"href":"https:\/\/www.egemtv.com\/index.php?rest_route=%2Fwp%2Fv2%2Fcategories&post=31866"},{"taxonomy":"post_tag","embeddable":true,"href":"https:\/\/www.egemtv.com\/index.php?rest_route=%2Fwp%2Fv2%2Ftags&post=31866"}],"curies":[{"name":"wp","href":"https:\/\/api.w.org\/{rel}","templated":true}]}}