{"id":31863,"date":"2025-05-28T10:16:31","date_gmt":"2025-05-28T07:16:31","guid":{"rendered":"https:\/\/www.egemtv.com\/?p=31863"},"modified":"2025-05-28T10:16:36","modified_gmt":"2025-05-28T07:16:36","slug":"hisarcik-myo-ogrencileri-doga-yuruyusunde-agaclara-50-ahsap-kus-yuvasi-asti","status":"publish","type":"post","link":"https:\/\/www.egemtv.com\/?p=31863","title":{"rendered":"Hisarc\u0131k MYO \u00f6\u011frencileri do\u011fa y\u00fcr\u00fcy\u00fc\u015f\u00fcnde a\u011fa\u00e7lara 50 ah\u015fap ku\u015f yuvas\u0131 ast\u0131"},"content":{"rendered":"<p>K\u00fctahya\u2019n\u0131n Hisarc\u0131k il\u00e7esinde Gen\u00e7lik ve Spor \u0130l\u00e7e M\u00fcd\u00fcrl\u00fc\u011f\u00fc ile Emet Orman \u0130\u015fletme M\u00fcd\u00fcrl\u00fc\u011f\u00fc Hisarc\u0131k Orman \u0130\u015fletme \u015eefli\u011fi i\u015fbirli\u011fiyle Hisarc\u0131k Meslek Y\u00fcksekokulu \u00f6\u011frencilerine y\u00f6nelik d\u00fczenlenen 4 kilometrelik do\u011fa y\u00fcr\u00fcy\u00fc\u015f\u00fcnde \u00e7am a\u011fa\u00e7lar\u0131na ku\u015f yuvas\u0131 as\u0131ld\u0131.<br \/>\n<br \/>Hem do\u011fayla i\u00e7 i\u00e7e vakit ge\u00e7irme, hem de \u00e7evre bilincini art\u0131rma amac\u0131yla ger\u00e7ekle\u015ftirilen etkinlik, yo\u011fun ilgi g\u00f6rd\u00fc. Do\u011fa y\u00fcr\u00fcy\u00fc\u015f\u00fc \u00e7er\u00e7evesinde \u00e7evre koruma fark\u0131ndal\u0131\u011f\u0131n\u0131 art\u0131rmak amac\u0131yla protokol \u00fcyeleri ve \u00f6\u011frenciler taraf\u0131ndan Helvac\u0131 mevkiinde \u00e7e\u015fitli noktalarda kara\u00e7am a\u011fa\u00e7lar\u0131na 50 ah\u015fap ku\u015f yuvas\u0131 as\u0131ld\u0131.<br \/>\n<br \/>Etkinli\u011fe Hisarc\u0131k Kaymakam\u0131 Muhammet Samet Bahar, Hisarc\u0131k Belediye Ba\u015fkan\u0131 Mustafa Demirta\u015f, Hisarc\u0131k Meslek Y\u00fcksekokulu M\u00fcd\u00fcr\u00fc \u00d6\u011fr. G\u00f6r. Burak Kavaslar, \u0130l\u00e7e Emniyet Amiri Ayhan Ist\u0131k, \u0130l\u00e7e Jandarma Komutan\u0131 \u00dcste\u011fmen Alperen Korkut, Gen\u00e7lik ve Spor \u0130l\u00e7e M\u00fcd\u00fcr\u00fc Y\u0131lmaz U\u00e7ar, Hisarc\u0131k Orman \u0130\u015fletme \u015eefi Samet Sayan, Esire Orman \u0130\u015fletme \u015eefi Bilal Acar, protokol \u00fcyeleri, akademik ve idari personel ile 45 \u00f6\u011frenci kat\u0131ld\u0131.<br \/>\n<br \/>\u00d6\u011frenciler 4 kilometrelik y\u00fcr\u00fcy\u00fc\u015f boyunca do\u011fan\u0131n g\u00fczellikleri e\u015fli\u011finde keyifli anlar ya\u015fan\u0131rken, verilen molada kat\u0131l\u0131mc\u0131lara simit, \u00e7ay, meyve suyu ve kek ikram edildi. Samimi ve do\u011fa dostu atmosferiyle dikkat \u00e7eken etkinlik, hem \u00f6\u011frenciler hem de kat\u0131l\u0131mc\u0131lar taraf\u0131ndan takdirle kar\u015f\u0131land\u0131.<br \/><\/p>\n","protected":false},"excerpt":{"rendered":"<p>K\u00fctahya\u2019n\u0131n Hisarc\u0131k il\u00e7esinde Gen\u00e7lik ve Spor \u0130l\u00e7e M\u00fcd\u00fcrl\u00fc\u011f\u00fc ile Emet Orman \u0130\u015fletme M\u00fcd\u00fcrl\u00fc\u011f\u00fc Hisarc\u0131k Orman \u0130\u015fletme \u015eefli\u011fi i\u015fbirli\u011fiyle Hisarc\u0131k Meslek Y\u00fcksekokulu \u00f6\u011frencilerine y\u00f6nelik d\u00fczenlenen 4 kilometrelik do\u011fa y\u00fcr\u00fcy\u00fc\u015f\u00fcnde \u00e7am a\u011fa\u00e7lar\u0131na ku\u015f yuvas\u0131 as\u0131ld\u0131. Hem do\u011fayla i\u00e7 i\u00e7e vakit ge\u00e7irme, hem de \u00e7evre bilincini art\u0131rma amac\u0131yla ger\u00e7ekle\u015ftirilen etkinlik, yo\u011fun ilgi g\u00f6rd\u00fc. Do\u011fa y\u00fcr\u00fcy\u00fc\u015f\u00fc \u00e7er\u00e7evesinde \u00e7evre koruma&#8230;<\/p>\n","protected":false},"author":1,"featured_media":31864,"comment_status":"open","ping_status":"open","sticky":false,"template":"","format":"standard","meta":{"_crdt_document":"","footnotes":""},"categories":[1],"tags":[],"class_list":["post-31863","post","type-post","status-publish","format-standard","has-post-thumbnail","hentry","category-guncel"],"_links":{"self":[{"href":"https:\/\/www.egemtv.com\/index.php?rest_route=\/wp\/v2\/posts\/31863","targetHints":{"allow":["GET"]}}],"collection":[{"href":"https:\/\/www.egemtv.com\/index.php?rest_route=\/wp\/v2\/posts"}],"about":[{"href":"https:\/\/www.egemtv.com\/index.php?rest_route=\/wp\/v2\/types\/post"}],"author":[{"embeddable":true,"href":"https:\/\/www.egemtv.com\/index.php?rest_route=\/wp\/v2\/users\/1"}],"replies":[{"embeddable":true,"href":"https:\/\/www.egemtv.com\/index.php?rest_route=%2Fwp%2Fv2%2Fcomments&post=31863"}],"version-history":[{"count":1,"href":"https:\/\/www.egemtv.com\/index.php?rest_route=\/wp\/v2\/posts\/31863\/revisions"}],"predecessor-version":[{"id":31865,"href":"https:\/\/www.egemtv.com\/index.php?rest_route=\/wp\/v2\/posts\/31863\/revisions\/31865"}],"wp:featuredmedia":[{"embeddable":true,"href":"https:\/\/www.egemtv.com\/index.php?rest_route=\/wp\/v2\/media\/31864"}],"wp:attachment":[{"href":"https:\/\/www.egemtv.com\/index.php?rest_route=%2Fwp%2Fv2%2Fmedia&parent=31863"}],"wp:term":[{"taxonomy":"category","embeddable":true,"href":"https:\/\/www.egemtv.com\/index.php?rest_route=%2Fwp%2Fv2%2Fcategories&post=31863"},{"taxonomy":"post_tag","embeddable":true,"href":"https:\/\/www.egemtv.com\/index.php?rest_route=%2Fwp%2Fv2%2Ftags&post=31863"}],"curies":[{"name":"wp","href":"https:\/\/api.w.org\/{rel}","templated":true}]}}