{"id":31860,"date":"2025-05-28T09:56:39","date_gmt":"2025-05-28T06:56:39","guid":{"rendered":"https:\/\/www.egemtv.com\/?p=31860"},"modified":"2025-05-28T09:56:44","modified_gmt":"2025-05-28T06:56:44","slug":"aydinli-ebrar-turkiye-ucuncusu-oldu","status":"publish","type":"post","link":"https:\/\/www.egemtv.com\/?p=31860","title":{"rendered":"Ayd\u0131nl\u0131 Ebrar T\u00fcrkiye \u00fc\u00e7\u00fcnc\u00fcs\u00fc oldu"},"content":{"rendered":"<p>Ordu\u2019da d\u00fczenlenen boks \u015fampiyonas\u0131nda Ayd\u0131n\u2019\u0131n temsil eden Ebrar Malkan, ba\u015far\u0131l\u0131 performans\u0131yla T\u00fcrkiye \u00fc\u00e7\u00fcnc\u00fcs\u00fc oldu.<\/p>\n<p>Okul Sporlar\u0131 Gen\u00e7ler-B Erkekler ve Kad\u0131nlar T\u00fcrkiye Ferdi Boks \u015eampiyonas\u0131 Ordu\u2019nun ev sahipli\u011finde ger\u00e7ekle\u015ftirildi. \u00dclke genelinden \u00e7ok say\u0131da sporcunun kat\u0131ld\u0131\u011f\u0131 \u015fampiyonada Ebrar Malkan ise Ayd\u0131n\u2019\u0131 temsil etti. M\u00fccadelenin ve rekabetin en \u00fcst seviyede ya\u015fand\u0131\u011f\u0131 turnuva zaman zaman renkli g\u00f6r\u00fcnt\u00fclere de sahne olurken, \u015fampiyonada Ayd\u0131nl\u0131 Ebrar performans\u0131yla dikkatleri \u00fczerine \u00e7ekti. 50kilogramda ringe \u00e7\u0131kan Ebrar, rakiplerini yenmeyi ba\u015fararak \u015fampiyonada T\u00fcrkiye \u00fc\u00e7\u00fcnc\u00fcs\u00fc oldu. \u015eampiyonay\u0131 1 bronz madalya ile tamamlad\u0131klar\u0131n\u0131 ifade eden ve \u00f6\u011frencisini ba\u015far\u0131l\u0131 performanslar\u0131ndan dolay\u0131 tebrik eden Milli Tak\u0131m Ba\u015fantren\u00f6r\u00fc ve Ayd\u0131n Gen\u00e7lik ve Spor \u0130l M\u00fcd\u00fcrl\u00fc\u011f\u00fc Boks Antren\u00f6r\u00fc Yavuz K\u0131l\u0131\u00e7; &#8220;Sporcumuz Ebrar Malkan, 50 kilogramda Gen\u00e7 Kad\u0131nlar T\u00fcrkiye \u00fc\u00e7\u00fcnc\u00fcs\u00fc olmu\u015ftur. Bize desteklerinden \u00f6t\u00fcr\u00fc ba\u015fta Ayd\u0131n Gen\u00e7lik ve Spor \u0130l M\u00fcd\u00fcrl\u00fc\u011f\u00fcm\u00fcze ve her t\u00fcrl\u00fc imkan ve deste\u011fini bizden eksik etmeyen \u0130l M\u00fcd\u00fcr\u00fcm\u00fcz Serhat Y\u0131\u011fmatepe\u2019ye, \u015fube m\u00fcd\u00fcrlerimize, bizlere inan\u0131p dualar\u0131n\u0131 esirgemeyen ve eme\u011fi ge\u00e7en herkese te\u015fekk\u00fcr\u00fc bir bor\u00e7 bilirim. Ayd\u0131n\u2019\u0131m\u0131za ve Nazilli\u2019mize hay\u0131rl\u0131 olsun. Ald\u0131\u011f\u0131m\u0131z her madalyay\u0131 babam Abdulaziz K\u0131l\u0131\u00e7\u2019a ithaf ediyoruz&#8221; dedi.<br \/><\/p>\n","protected":false},"excerpt":{"rendered":"<p>Ordu\u2019da d\u00fczenlenen boks \u015fampiyonas\u0131nda Ayd\u0131n\u2019\u0131n temsil eden Ebrar Malkan, ba\u015far\u0131l\u0131 performans\u0131yla T\u00fcrkiye \u00fc\u00e7\u00fcnc\u00fcs\u00fc oldu. Okul Sporlar\u0131 Gen\u00e7ler-B Erkekler ve Kad\u0131nlar T\u00fcrkiye Ferdi Boks \u015eampiyonas\u0131 Ordu\u2019nun ev sahipli\u011finde ger\u00e7ekle\u015ftirildi. \u00dclke genelinden \u00e7ok say\u0131da sporcunun kat\u0131ld\u0131\u011f\u0131 \u015fampiyonada Ebrar Malkan ise Ayd\u0131n\u2019\u0131 temsil etti. M\u00fccadelenin ve rekabetin en \u00fcst seviyede ya\u015fand\u0131\u011f\u0131 turnuva zaman zaman renkli g\u00f6r\u00fcnt\u00fclere de sahne&#8230;<\/p>\n","protected":false},"author":1,"featured_media":31861,"comment_status":"open","ping_status":"open","sticky":false,"template":"","format":"standard","meta":{"_crdt_document":"","footnotes":""},"categories":[4],"tags":[],"class_list":["post-31860","post","type-post","status-publish","format-standard","has-post-thumbnail","hentry","category-spor"],"_links":{"self":[{"href":"https:\/\/www.egemtv.com\/index.php?rest_route=\/wp\/v2\/posts\/31860","targetHints":{"allow":["GET"]}}],"collection":[{"href":"https:\/\/www.egemtv.com\/index.php?rest_route=\/wp\/v2\/posts"}],"about":[{"href":"https:\/\/www.egemtv.com\/index.php?rest_route=\/wp\/v2\/types\/post"}],"author":[{"embeddable":true,"href":"https:\/\/www.egemtv.com\/index.php?rest_route=\/wp\/v2\/users\/1"}],"replies":[{"embeddable":true,"href":"https:\/\/www.egemtv.com\/index.php?rest_route=%2Fwp%2Fv2%2Fcomments&post=31860"}],"version-history":[{"count":1,"href":"https:\/\/www.egemtv.com\/index.php?rest_route=\/wp\/v2\/posts\/31860\/revisions"}],"predecessor-version":[{"id":31862,"href":"https:\/\/www.egemtv.com\/index.php?rest_route=\/wp\/v2\/posts\/31860\/revisions\/31862"}],"wp:featuredmedia":[{"embeddable":true,"href":"https:\/\/www.egemtv.com\/index.php?rest_route=\/wp\/v2\/media\/31861"}],"wp:attachment":[{"href":"https:\/\/www.egemtv.com\/index.php?rest_route=%2Fwp%2Fv2%2Fmedia&parent=31860"}],"wp:term":[{"taxonomy":"category","embeddable":true,"href":"https:\/\/www.egemtv.com\/index.php?rest_route=%2Fwp%2Fv2%2Fcategories&post=31860"},{"taxonomy":"post_tag","embeddable":true,"href":"https:\/\/www.egemtv.com\/index.php?rest_route=%2Fwp%2Fv2%2Ftags&post=31860"}],"curies":[{"name":"wp","href":"https:\/\/api.w.org\/{rel}","templated":true}]}}