{"id":31857,"date":"2025-05-28T09:56:34","date_gmt":"2025-05-28T06:56:34","guid":{"rendered":"https:\/\/www.egemtv.com\/?p=31857"},"modified":"2025-05-28T09:56:38","modified_gmt":"2025-05-28T06:56:38","slug":"aydinda-vali-yardimcilari-ve-kaymakamlar-degisti","status":"publish","type":"post","link":"https:\/\/www.egemtv.com\/?p=31857","title":{"rendered":"Ayd\u0131n\u2019da vali yard\u0131mc\u0131lar\u0131 ve kaymakamlar de\u011fi\u015fti"},"content":{"rendered":"<p>Resmi Gazete\u2019de yay\u0131mlanan kararlara g\u00f6re Ayd\u0131n\u2019da 2 vali yard\u0131mc\u0131s\u0131 ve baz\u0131 il\u00e7elerin kaymakamlar\u0131 de\u011fi\u015fti.<\/p>\n<p>Resmi Gazete\u2019de Cumhurba\u015fkan\u0131 Recep Tayyip Erdo\u011fan\u2019\u0131n imzas\u0131yla yay\u0131mlanan baz\u0131 illerde vali, vali yard\u0131mc\u0131lar\u0131 ve kaymakamlarla ilgili yeni atamalar yap\u0131ld\u0131. Vali yard\u0131mc\u0131l\u0131\u011f\u0131 atamalar\u0131 kapsam\u0131nda; K\u00fctahya Vali Yard\u0131mc\u0131s\u0131 Fikret Zaman ve Afyonkarahisar Vali Yard\u0131mc\u0131s\u0131 U\u011fur Kolsuz Ayd\u0131n Vali Yard\u0131mc\u0131l\u0131\u011f\u0131na, Ayd\u0131n Vali Yard\u0131mc\u0131s\u0131 Ali Murat Kayhan Mersin Vali Yard\u0131mc\u0131l\u0131\u011f\u0131na, Ayd\u0131n Vali Yard\u0131mc\u0131s\u0131 Arma\u011fan \u00d6nal da \u00c7orum Vali Yard\u0131mc\u0131l\u0131\u011f\u0131na atand\u0131.<\/p>\n<p>Kaymakam atamalar\u0131nda ise; A\u011fr\u0131 Patnos Kaymakam\u0131 Hasan Ta\u015f K\u00f6\u015fk Kaymakam\u0131, Kayseri Kocasinan Kaymakam\u0131 \u0130lhan Abay \u0130ncirliova Kaymakam\u0131, Ad\u0131yaman Vali Yard\u0131mc\u0131s\u0131 Ali Erdo\u011fan \u00c7ine Kaymakam\u0131 oldu. \u0130ncirliova Kaymakam\u0131 Canan Han\u00e7er Ba\u015ft\u00fcrk Samsun Vali Yard\u0131mc\u0131l\u0131\u011f\u0131na, \u00c7ine Kaymakam\u0131 Murat B\u00fcy\u00fckk\u00f6se Afyonkarahisar Vali Yard\u0131mc\u0131l\u0131\u011f\u0131na, K\u00f6\u015fk Kaymakam\u0131 Tu\u011fba Polat da Van Vali Yard\u0131mc\u0131l\u0131\u011f\u0131na getirildi.<br \/><\/p>\n","protected":false},"excerpt":{"rendered":"<p>Resmi Gazete\u2019de yay\u0131mlanan kararlara g\u00f6re Ayd\u0131n\u2019da 2 vali yard\u0131mc\u0131s\u0131 ve baz\u0131 il\u00e7elerin kaymakamlar\u0131 de\u011fi\u015fti. Resmi Gazete\u2019de Cumhurba\u015fkan\u0131 Recep Tayyip Erdo\u011fan\u2019\u0131n imzas\u0131yla yay\u0131mlanan baz\u0131 illerde vali, vali yard\u0131mc\u0131lar\u0131 ve kaymakamlarla ilgili yeni atamalar yap\u0131ld\u0131. Vali yard\u0131mc\u0131l\u0131\u011f\u0131 atamalar\u0131 kapsam\u0131nda; K\u00fctahya Vali Yard\u0131mc\u0131s\u0131 Fikret Zaman ve Afyonkarahisar Vali Yard\u0131mc\u0131s\u0131 U\u011fur Kolsuz Ayd\u0131n Vali Yard\u0131mc\u0131l\u0131\u011f\u0131na, Ayd\u0131n Vali Yard\u0131mc\u0131s\u0131 Ali&#8230;<\/p>\n","protected":false},"author":1,"featured_media":31858,"comment_status":"open","ping_status":"open","sticky":false,"template":"","format":"standard","meta":{"_crdt_document":"","footnotes":""},"categories":[1],"tags":[],"class_list":["post-31857","post","type-post","status-publish","format-standard","has-post-thumbnail","hentry","category-guncel"],"_links":{"self":[{"href":"https:\/\/www.egemtv.com\/index.php?rest_route=\/wp\/v2\/posts\/31857","targetHints":{"allow":["GET"]}}],"collection":[{"href":"https:\/\/www.egemtv.com\/index.php?rest_route=\/wp\/v2\/posts"}],"about":[{"href":"https:\/\/www.egemtv.com\/index.php?rest_route=\/wp\/v2\/types\/post"}],"author":[{"embeddable":true,"href":"https:\/\/www.egemtv.com\/index.php?rest_route=\/wp\/v2\/users\/1"}],"replies":[{"embeddable":true,"href":"https:\/\/www.egemtv.com\/index.php?rest_route=%2Fwp%2Fv2%2Fcomments&post=31857"}],"version-history":[{"count":1,"href":"https:\/\/www.egemtv.com\/index.php?rest_route=\/wp\/v2\/posts\/31857\/revisions"}],"predecessor-version":[{"id":31859,"href":"https:\/\/www.egemtv.com\/index.php?rest_route=\/wp\/v2\/posts\/31857\/revisions\/31859"}],"wp:featuredmedia":[{"embeddable":true,"href":"https:\/\/www.egemtv.com\/index.php?rest_route=\/wp\/v2\/media\/31858"}],"wp:attachment":[{"href":"https:\/\/www.egemtv.com\/index.php?rest_route=%2Fwp%2Fv2%2Fmedia&parent=31857"}],"wp:term":[{"taxonomy":"category","embeddable":true,"href":"https:\/\/www.egemtv.com\/index.php?rest_route=%2Fwp%2Fv2%2Fcategories&post=31857"},{"taxonomy":"post_tag","embeddable":true,"href":"https:\/\/www.egemtv.com\/index.php?rest_route=%2Fwp%2Fv2%2Ftags&post=31857"}],"curies":[{"name":"wp","href":"https:\/\/api.w.org\/{rel}","templated":true}]}}