{"id":31854,"date":"2025-05-28T09:37:49","date_gmt":"2025-05-28T06:37:49","guid":{"rendered":"https:\/\/www.egemtv.com\/?p=31854"},"modified":"2025-05-28T09:37:53","modified_gmt":"2025-05-28T06:37:53","slug":"menemende-bir-kapali-pazar-yeri-daha-acildi","status":"publish","type":"post","link":"https:\/\/www.egemtv.com\/?p=31854","title":{"rendered":"Menemen\u2019de bir kapal\u0131 pazar yeri daha a\u00e7\u0131ld\u0131"},"content":{"rendered":"<p>Menemen Belediyesi taraf\u0131ndan yap\u0131m\u0131 tamamlanan T\u00fcrkelli Kapal\u0131 Pazar Yeri\u2019nin a\u00e7\u0131l\u0131\u015f\u0131 ger\u00e7ekle\u015ftirildi. A\u00e7\u0131l\u0131\u015f t\u00f6reninde konu\u015fan Menemen Belediye Ba\u015fkan\u0131 Ayd\u0131n Pehlivan, &#8220;Yeni Pazar yerimiz, Menemen ve T\u00fcrkelli\u2019ye hay\u0131rl\u0131 u\u011furlu olsun. Bundan sonra her ay yeni bir a\u00e7\u0131l\u0131\u015f yapaca\u011f\u0131z&#8221; dedi.<br \/>\n<br \/>Menemen Belediyesi vatanda\u015flar\u0131n ve esnaf\u0131n, yazlar\u0131 s\u0131caktan ve g\u00fcne\u015ften, k\u0131\u015flar\u0131 da ya\u011fmur ve so\u011fuktan etkilenmemesi i\u00e7in kapal\u0131 pazar yeri \u00e7al\u0131\u015fmalar\u0131n\u0131 h\u0131z kesmeden s\u00fcrd\u00fcr\u00fcyor. G\u00f6reve geldikten sonra ilk olarak ge\u00e7mi\u015fte \u00fc\u00e7 belediye ba\u015fkan\u0131 g\u00f6rmesine ra\u011fmen bir t\u00fcrl\u00fc tamamlanamayan Halil Alkaya Kapal\u0131 Pazar Yeri\u2019nin in\u015faat\u0131n\u0131 tamamlay\u0131p hizmete a\u00e7an, ard\u0131ndan da Seyrek ve Koyundere\u2019ye kapal\u0131 pazar yerleri kazand\u0131ran Menemen Belediye Ba\u015fkan\u0131 Ayd\u0131n Pehlivan, a\u00e7\u0131l\u0131\u015f zincirine yeni halkay\u0131 T\u00fcrkelli\u2019de ekledi. \u0130\u00e7inde d\u00fckkan b\u00f6l\u00fcmleri, \u00e7evresinde kamelyalar\u0131, \u00e7ocuk park\u0131, ye\u015fil alan\u0131 ve modern dokusuyla T\u00fcrkelli Kapal\u0131 Pazar Yeri, t\u00f6renle a\u00e7\u0131ld\u0131.<br \/>\n<br \/>T\u00f6rene Menemen Belediye Ba\u015fkan\u0131 Ayd\u0131n Pehlivan ile birlikte MHP \u0130zmir \u0130l Ba\u015fkan\u0131 Veysel \u015eahin, Menemen Kaymakam\u0131 Fatih Y\u0131lmaz, AK Parti \u0130zmir \u0130l Y\u00f6netim Kurulu \u00dcyesi ve Menemen Koordinat\u00f6r\u00fc Murat G\u00f6k\u00e7ekaya, AK Parti Menemen \u0130l\u00e7e Ba\u015fkan\u0131 Hakk\u0131 Durmaz, MHP Menemen \u0130l\u00e7e Ba\u015fkan\u0131 Barbaros \u00c7al\u0131\u015f\u00e7\u0131, kamu kurum ve kurulu\u015flar\u0131 ile STK\u2019lar\u0131n ba\u015fkan ve y\u00f6neticileri, ge\u00e7mi\u015f d\u00f6nem belde belediye ba\u015fkanlar\u0131, muhtarlar, belediye meclis \u00fcyeleri, gaziler ve vatanda\u015flar kat\u0131ld\u0131.<\/p>\n<p>&#8220;Her ay yeni bir a\u00e7\u0131l\u0131\u015f\u0131m\u0131z olacak&#8221;<br \/>\n<br \/>Menemen Belediyesi Halk Oyunlar\u0131 Ekibi taraf\u0131ndan haz\u0131rlanan zeybek g\u00f6sterisiyle ba\u015flayan a\u00e7\u0131l\u0131\u015f t\u00f6reninde, k\u00fcrs\u00fcye \u00e7\u0131kan ilk isim olan Fatih Mahallesi Muhtar\u0131 Cihan Yand\u0131, T\u00fcrkelli\u2019ye kazand\u0131r\u0131lan kapal\u0131 pazar yeri i\u00e7in Ba\u015fkan Pehlivan\u2019a te\u015fekk\u00fcr etti. T\u00f6rende yapt\u0131\u011f\u0131 konu\u015fmas\u0131nda, &#8220;Pazar yerlerimiz, \u00e7ift\u00e7imizin eme\u011finin kar\u015f\u0131l\u0131k buldu\u011fu, esnaf\u0131m\u0131z\u0131n ticaretini y\u00fcr\u00fctt\u00fc\u011f\u00fc \u00e7ok \u00f6nemli tesislerimizdir. Pazar yerlerimiz, tarlada g\u00fcne\u015fin alt\u0131nda emekle i\u015flenen topra\u011f\u0131n bize sundu\u011fu en g\u00fczel mahsullerin, t\u00fcketiciyle bulu\u015fma noktas\u0131d\u0131r. T\u00fcm bunlarla birlikte pazar yerleri, y\u00f6re insan\u0131na ekonomiden g\u00fcnl\u00fck ya\u015fama kadar b\u00fcy\u00fck faydalar sa\u011flar. Bug\u00fcn burada yapt\u0131\u011f\u0131m\u0131z a\u00e7\u0131l\u0131\u015f\u0131m\u0131z, yeni a\u00e7\u0131l\u0131\u015flar\u0131m\u0131z\u0131n ba\u015flang\u0131c\u0131. Art\u0131k her ay yeni bir a\u00e7\u0131l\u0131\u015f\u0131m\u0131z olacak&#8221; dedi.<\/p>\n<p>&#8220;3 y\u0131lda Menemen\u2019in \u00e7ehresini de\u011fi\u015ftirdiniz&#8221;<br \/>\n<br \/>Ba\u015fkan Pehlivan\u2019\u0131n konu\u015fmas\u0131 sonras\u0131 Menemen M\u00fcft\u00fcs\u00fc Mustafa Seven\u2019in duas\u0131yla birlikte kurdele kesimine ge\u00e7ildi. Kurdele kesiminde k\u0131sa bir konu\u015fma yapan MHP \u0130zmir \u0130l Ba\u015fkan\u0131 Veysel \u015eahin,&#8221;Ben T\u00fcrkelli\u2019nin 20 y\u0131l \u00f6ncesini de biliyorum. 3 y\u0131lda Menemen\u2019in ve T\u00fcrkelli\u2019nin \u00e7ehresini de\u011fi\u015ftirdiniz. Cenab-\u0131 Allah burada ticaret yapacak, al\u0131\u015fveri\u015f yapacak herkese hay\u0131rl\u0131 i\u015fler, hay\u0131rl\u0131 kazan\u00e7lar nasip etsin. Yeni yap\u0131lan kapal\u0131 pazar yerimiz, T\u00fcrkelli\u2019mize hay\u0131rl\u0131 u\u011furlu olsun&#8221; dedi.<br \/>\n<br \/>Kurdele t\u00f6reni sonras\u0131 Ba\u015fkan Ayd\u0131n Pehlivan ve protokol \u00fcyeleri, pazar yeri esnaf\u0131n\u0131n tezgahlar\u0131n\u0131 tek tek ziyaret ederek hay\u0131rl\u0131 i\u015fler dilerken, T\u00fcrkellili vatanda\u015flar ve esnaf da kapal\u0131 pazar yeri hizmeti i\u00e7in te\u015fekk\u00fcr etti.<br \/><\/p>\n","protected":false},"excerpt":{"rendered":"<p>Menemen Belediyesi taraf\u0131ndan yap\u0131m\u0131 tamamlanan T\u00fcrkelli Kapal\u0131 Pazar Yeri\u2019nin a\u00e7\u0131l\u0131\u015f\u0131 ger\u00e7ekle\u015ftirildi. A\u00e7\u0131l\u0131\u015f t\u00f6reninde konu\u015fan Menemen Belediye Ba\u015fkan\u0131 Ayd\u0131n Pehlivan, &#8220;Yeni Pazar yerimiz, Menemen ve T\u00fcrkelli\u2019ye hay\u0131rl\u0131 u\u011furlu olsun. Bundan sonra her ay yeni bir a\u00e7\u0131l\u0131\u015f yapaca\u011f\u0131z&#8221; dedi. Menemen Belediyesi vatanda\u015flar\u0131n ve esnaf\u0131n, yazlar\u0131 s\u0131caktan ve g\u00fcne\u015ften, k\u0131\u015flar\u0131 da ya\u011fmur ve so\u011fuktan etkilenmemesi i\u00e7in kapal\u0131 pazar&#8230;<\/p>\n","protected":false},"author":1,"featured_media":31855,"comment_status":"open","ping_status":"open","sticky":false,"template":"","format":"standard","meta":{"_crdt_document":"","footnotes":""},"categories":[1],"tags":[],"class_list":["post-31854","post","type-post","status-publish","format-standard","has-post-thumbnail","hentry","category-guncel"],"_links":{"self":[{"href":"https:\/\/www.egemtv.com\/index.php?rest_route=\/wp\/v2\/posts\/31854","targetHints":{"allow":["GET"]}}],"collection":[{"href":"https:\/\/www.egemtv.com\/index.php?rest_route=\/wp\/v2\/posts"}],"about":[{"href":"https:\/\/www.egemtv.com\/index.php?rest_route=\/wp\/v2\/types\/post"}],"author":[{"embeddable":true,"href":"https:\/\/www.egemtv.com\/index.php?rest_route=\/wp\/v2\/users\/1"}],"replies":[{"embeddable":true,"href":"https:\/\/www.egemtv.com\/index.php?rest_route=%2Fwp%2Fv2%2Fcomments&post=31854"}],"version-history":[{"count":1,"href":"https:\/\/www.egemtv.com\/index.php?rest_route=\/wp\/v2\/posts\/31854\/revisions"}],"predecessor-version":[{"id":31856,"href":"https:\/\/www.egemtv.com\/index.php?rest_route=\/wp\/v2\/posts\/31854\/revisions\/31856"}],"wp:featuredmedia":[{"embeddable":true,"href":"https:\/\/www.egemtv.com\/index.php?rest_route=\/wp\/v2\/media\/31855"}],"wp:attachment":[{"href":"https:\/\/www.egemtv.com\/index.php?rest_route=%2Fwp%2Fv2%2Fmedia&parent=31854"}],"wp:term":[{"taxonomy":"category","embeddable":true,"href":"https:\/\/www.egemtv.com\/index.php?rest_route=%2Fwp%2Fv2%2Fcategories&post=31854"},{"taxonomy":"post_tag","embeddable":true,"href":"https:\/\/www.egemtv.com\/index.php?rest_route=%2Fwp%2Fv2%2Ftags&post=31854"}],"curies":[{"name":"wp","href":"https:\/\/api.w.org\/{rel}","templated":true}]}}