{"id":31851,"date":"2025-05-28T09:37:45","date_gmt":"2025-05-28T06:37:45","guid":{"rendered":"https:\/\/www.egemtv.com\/?p=31851"},"modified":"2025-05-28T09:37:49","modified_gmt":"2025-05-28T06:37:49","slug":"baskan-kasapoglu-sanayicimiz-zorlu-sartlarda-ragmen-uretmeye-devam-ediyor","status":"publish","type":"post","link":"https:\/\/www.egemtv.com\/?p=31851","title":{"rendered":"Ba\u015fkan Kasapo\u011flu; &#8220;Sanayicimiz zorlu \u015fartlarda ra\u011fmen \u00fcretmeye devam ediyor&#8221;"},"content":{"rendered":"<p>Denizli Sanayi Odas\u0131 Ba\u015fkan\u0131 Selim Kasapo\u011flu, \u0130SO 500-2024 Listesine giren 13 Denizli firmas\u0131na tebrik ederek, &#8220;Zorlu piyasa \u015fartlar\u0131nda ve artan rekabete ra\u011fmen \u00fcretmeye, istihdam olu\u015fturmaya ve \u00fclkemiz i\u00e7in katma de\u011fer sa\u011flamaya devam eden sanayicilerimizin bu ba\u015far\u0131s\u0131, hepimiz ad\u0131na b\u00fcy\u00fck bir gurur kayna\u011f\u0131d\u0131r&#8221; dedi.<\/p>\n<p>\u0130stanbul Sanayi Odas\u0131\u2019n\u0131n (\u0130SO) 1968 y\u0131l\u0131ndan bu yana aral\u0131ks\u0131z ger\u00e7ekle\u015ftirdi\u011fi ve sekt\u00f6r i\u00e7in en de\u011ferli verileri olu\u015fturan &#8220;T\u00fcrkiye\u2019nin 500 B\u00fcy\u00fck Sanayi Kurulu\u015fu&#8221; ara\u015ft\u0131rmas\u0131n\u0131n 2024 y\u0131l\u0131 sonu\u00e7lar\u0131 a\u00e7\u0131kland\u0131. Ge\u00e7en y\u0131l Denizli\u2019den 14 firman\u0131n yer ald\u0131\u011f\u0131 \u0130SO 500 listesinde bu y\u0131l 13 firma bulunuyor. DSO Ba\u015fkan\u0131 Selim Kasapo\u011flu, &#8220;Zorlu piyasa \u015fartlar\u0131nda ve artan rekabete ra\u011fmen \u00fcretmeye, istihdam olu\u015fturmaya ve \u00fclkemiz i\u00e7in katma de\u011fer sa\u011flamaya devam eden sanayicilerimizin bu ba\u015far\u0131s\u0131, hepimiz ad\u0131na b\u00fcy\u00fck bir gurur kayna\u011f\u0131d\u0131r. T\u00fcm olumsuzluklara ra\u011fmen bu y\u0131l da ba\u015far\u0131s\u0131n\u0131 s\u00fcrd\u00fcren ve listede yer alan firmalar\u0131m\u0131z\u0131 tebrik ediyor, ba\u015far\u0131lar\u0131n\u0131n devam\u0131n\u0131 diliyorum&#8221; dedi.<\/p>\n<p>2023 y\u0131l\u0131nda listeye giren Denizli firmalar\u0131n\u0131n sat\u0131\u015f has\u0131lat\u0131 127 milyar TL iken 2024 y\u0131l\u0131nda listeye giren 13 firman\u0131n ise 173.6 milyar TL oldu\u011funu dile getiren Ba\u015fkan Kasapo\u011flu, &#8220;Listede yer alan Denizli firmalar\u0131ndan 6\u2019s\u0131 ge\u00e7en seneye g\u00f6re daha \u00fcst s\u0131ralara y\u00fckseli\u015f g\u00f6sterirken, ge\u00e7en sene birinci 500 s\u0131ralamas\u0131nda bulunan bir firma bu y\u0131l listede yer almad\u0131. Ge\u00e7en y\u0131l listeye dahil olan 2 firma, bu y\u0131l da ilk 500 listesindeki yerini korudu. \u0130lk 500\u2019deki Denizlili firmalara bak\u0131ld\u0131\u011f\u0131nda, 5 firma kablo ve bak\u0131r tel, 4 firma g\u0131da, 3 firma demir-\u00e7elik ve 1 firma enerji sekt\u00f6r\u00fcnden yerlerini ald\u0131. Ayr\u0131ca, 2024 y\u0131l\u0131nda ilk 500 listesinde yer alan 13 firmam\u0131z\u0131n net \u00fcretimden sat\u0131\u015f has\u0131lat\u0131 toplam\u0131 173.6 milyar TL oldu. 2023 y\u0131l\u0131nda bu rakam 127 milyar TL\u2019ydi&#8221; ifadelerini kulland\u0131.<\/p>\n<p>&#8220;Sanayicimiz zorlu \u015fartlara ra\u011fmen \u00fcretmeye devam ediyor&#8221;<br \/>\n<br \/>Denizli Sanayi Odas\u0131 (DSO) Y\u00f6netim Kurulu Ba\u015fkan\u0131 Selim Kasapo\u011flu, ara\u015ft\u0131rman\u0131n sonu\u00e7lar\u0131n\u0131 de\u011ferlendirdi. Ba\u015fkan Kasapo\u011flu, &#8220;\u0130SO 500 Ara\u015ft\u0131rmas\u0131\u2019n\u0131n 2024 sonu\u00e7lar\u0131 a\u00e7\u0131kland\u0131. Bu y\u0131l 13 firmam\u0131z ile yer ald\u0131k. Listede yer alarak Denizli sanayisinin g\u00fcc\u00fcn\u00fc yans\u0131tan firmalar\u0131m\u0131z\u0131 y\u00fcrekten tebrik ediyorum. Firmalar\u0131m\u0131z\u0131n sekt\u00f6r \u00e7e\u015fitlili\u011fi de dikkat \u00e7ekicidir. 4 farkl\u0131 sekt\u00f6rden firmalar\u0131m\u0131z\u0131n listede bulundu\u011funu g\u00f6r\u00fcyoruz. Ancak imalat sanayimizdeki s\u0131k\u0131nt\u0131lar\u0131n yans\u0131malar\u0131n\u0131 da hissediyoruz. Zorlu piyasa \u015fartlar\u0131nda ve artan rekabete ra\u011fmen \u00fcretmeye, istihdam olu\u015fturmaya ve \u00fclkemiz i\u00e7in katma de\u011fer sa\u011flamaya devam eden sanayicilerimizin bu ba\u015far\u0131s\u0131, hepimiz ad\u0131na b\u00fcy\u00fck bir gurur kayna\u011f\u0131d\u0131r. Bu ba\u015far\u0131, Denizli\u2019nin sanayideki \u00f6nc\u00fc konumunu teyit etmektedir. Listeye giren firmalar\u0131m\u0131z\u0131 bir kez daha kutluyor; bu ba\u015far\u0131da eme\u011fi ge\u00e7en t\u00fcm sanayicilerimize g\u00f6n\u00fclden te\u015fekk\u00fcr ediyorum. Bu istikrarl\u0131 ba\u015far\u0131n\u0131n \u00f6n\u00fcm\u00fczdeki y\u0131llarda da artarak s\u00fcrmesini diliyorum&#8221; diye konu\u015ftu.<br \/><\/p>\n","protected":false},"excerpt":{"rendered":"<p>Denizli Sanayi Odas\u0131 Ba\u015fkan\u0131 Selim Kasapo\u011flu, \u0130SO 500-2024 Listesine giren 13 Denizli firmas\u0131na tebrik ederek, &#8220;Zorlu piyasa \u015fartlar\u0131nda ve artan rekabete ra\u011fmen \u00fcretmeye, istihdam olu\u015fturmaya ve \u00fclkemiz i\u00e7in katma de\u011fer sa\u011flamaya devam eden sanayicilerimizin bu ba\u015far\u0131s\u0131, hepimiz ad\u0131na b\u00fcy\u00fck bir gurur kayna\u011f\u0131d\u0131r&#8221; dedi. \u0130stanbul Sanayi Odas\u0131\u2019n\u0131n (\u0130SO) 1968 y\u0131l\u0131ndan bu yana aral\u0131ks\u0131z ger\u00e7ekle\u015ftirdi\u011fi ve sekt\u00f6r&#8230;<\/p>\n","protected":false},"author":1,"featured_media":31852,"comment_status":"open","ping_status":"open","sticky":false,"template":"","format":"standard","meta":{"_crdt_document":"","footnotes":""},"categories":[125],"tags":[],"class_list":["post-31851","post","type-post","status-publish","format-standard","has-post-thumbnail","hentry","category-ekonomi"],"_links":{"self":[{"href":"https:\/\/www.egemtv.com\/index.php?rest_route=\/wp\/v2\/posts\/31851","targetHints":{"allow":["GET"]}}],"collection":[{"href":"https:\/\/www.egemtv.com\/index.php?rest_route=\/wp\/v2\/posts"}],"about":[{"href":"https:\/\/www.egemtv.com\/index.php?rest_route=\/wp\/v2\/types\/post"}],"author":[{"embeddable":true,"href":"https:\/\/www.egemtv.com\/index.php?rest_route=\/wp\/v2\/users\/1"}],"replies":[{"embeddable":true,"href":"https:\/\/www.egemtv.com\/index.php?rest_route=%2Fwp%2Fv2%2Fcomments&post=31851"}],"version-history":[{"count":1,"href":"https:\/\/www.egemtv.com\/index.php?rest_route=\/wp\/v2\/posts\/31851\/revisions"}],"predecessor-version":[{"id":31853,"href":"https:\/\/www.egemtv.com\/index.php?rest_route=\/wp\/v2\/posts\/31851\/revisions\/31853"}],"wp:featuredmedia":[{"embeddable":true,"href":"https:\/\/www.egemtv.com\/index.php?rest_route=\/wp\/v2\/media\/31852"}],"wp:attachment":[{"href":"https:\/\/www.egemtv.com\/index.php?rest_route=%2Fwp%2Fv2%2Fmedia&parent=31851"}],"wp:term":[{"taxonomy":"category","embeddable":true,"href":"https:\/\/www.egemtv.com\/index.php?rest_route=%2Fwp%2Fv2%2Fcategories&post=31851"},{"taxonomy":"post_tag","embeddable":true,"href":"https:\/\/www.egemtv.com\/index.php?rest_route=%2Fwp%2Fv2%2Ftags&post=31851"}],"curies":[{"name":"wp","href":"https:\/\/api.w.org\/{rel}","templated":true}]}}