{"id":31848,"date":"2025-05-28T09:37:40","date_gmt":"2025-05-28T06:37:40","guid":{"rendered":"https:\/\/www.egemtv.com\/?p=31848"},"modified":"2025-05-28T09:37:45","modified_gmt":"2025-05-28T06:37:45","slug":"denizli-osbden-sanayi-bolgelerinde-denetim-sureclerine-hazirlik-semineri","status":"publish","type":"post","link":"https:\/\/www.egemtv.com\/?p=31848","title":{"rendered":"Denizli OSB\u2019den &#8220;Sanayi B\u00f6lgelerinde Denetim S\u00fcre\u00e7lerine Haz\u0131rl\u0131k&#8221; semineri"},"content":{"rendered":"<p>Denizli Organize Sanayi B\u00f6lgesi M\u00fcd\u00fcrl\u00fc\u011f\u00fc\u2019nde (OSB) d\u00fczenlenen &#8220;Sanayi B\u00f6lgelerinde Denetim S\u00fcre\u00e7lerine Haz\u0131rl\u0131k&#8221; konulu bilgilendirme toplant\u0131s\u0131 yo\u011fun bir kat\u0131l\u0131mla ger\u00e7ekle\u015fti.<\/p>\n<p>Denizli OSB Konferans Salonu\u2019nda ger\u00e7ekle\u015fen toplant\u0131ya; B\u00f6lge firmalar\u0131n\u0131n yetkilileri, insan kaynaklar\u0131 ve muhasebe birimlerinde g\u00f6revli personeller ve sanayiciler kat\u0131ld\u0131.  Serbest Muhasebeci ve Yeminli Mali M\u00fc\u015favir Mehmet Ali Bayraktar\u2019\u0131n a\u00e7\u0131l\u0131\u015f konu\u015fmas\u0131yla ba\u015flayan toplant\u0131da; Emekli SGK Ba\u015fm\u00fcfetti\u015fi, A S\u0131n\u0131f\u0131 \u0130\u015f Sa\u011fl\u0131\u011f\u0131 G\u00fcvenli\u011fi Uzman\u0131 \u0130smail Melih Ar\u0131kan ile Emekli SGK M\u00fcfetti\u015fi, Bilirki\u015fi S\u00fcleyman Civelek\u2019in konu\u015fmac\u0131 olarak yer ald\u0131.<\/p>\n<p>Toplant\u0131da kat\u0131l\u0131mc\u0131lara, \u00c7al\u0131\u015fma ve Sosyal G\u00fcvenlik Bakanl\u0131\u011f\u0131 \u0130\u015f Tefti\u015f Kurulu, Sosyal G\u00fcvenlik Kurumu M\u00fcfetti\u015fleri taraf\u0131ndan sanayi b\u00f6lgelerinde yap\u0131lacak tefti\u015f, inceleme ve denetim s\u00fcre\u00e7leri \u00f6ncesinde dikkat edilmesi gereken i\u015f ve sosyal g\u00fcvenlik uygulamalar\u0131, \u00e7al\u0131\u015fma hayat\u0131nda g\u00fcncel mevzuat de\u011fi\u015fikleri ve istihdam te\u015fviklerinde mevcut uygulamalar konular\u0131 detayl\u0131 olarak payla\u015f\u0131ld\u0131.<\/p>\n<p>Sunumlar\u0131n ard\u0131ndan soru-cevap b\u00f6l\u00fcm\u00fcne ge\u00e7ildi ve kat\u0131l\u0131mc\u0131lar merak ettikleri sorular\u0131 y\u00f6neltme f\u0131rsat\u0131 yakalad\u0131.<br \/><\/p>\n","protected":false},"excerpt":{"rendered":"<p>Denizli Organize Sanayi B\u00f6lgesi M\u00fcd\u00fcrl\u00fc\u011f\u00fc\u2019nde (OSB) d\u00fczenlenen &#8220;Sanayi B\u00f6lgelerinde Denetim S\u00fcre\u00e7lerine Haz\u0131rl\u0131k&#8221; konulu bilgilendirme toplant\u0131s\u0131 yo\u011fun bir kat\u0131l\u0131mla ger\u00e7ekle\u015fti. Denizli OSB Konferans Salonu\u2019nda ger\u00e7ekle\u015fen toplant\u0131ya; B\u00f6lge firmalar\u0131n\u0131n yetkilileri, insan kaynaklar\u0131 ve muhasebe birimlerinde g\u00f6revli personeller ve sanayiciler kat\u0131ld\u0131. Serbest Muhasebeci ve Yeminli Mali M\u00fc\u015favir Mehmet Ali Bayraktar\u2019\u0131n a\u00e7\u0131l\u0131\u015f konu\u015fmas\u0131yla ba\u015flayan toplant\u0131da; Emekli SGK Ba\u015fm\u00fcfetti\u015fi, A&#8230;<\/p>\n","protected":false},"author":1,"featured_media":31849,"comment_status":"open","ping_status":"open","sticky":false,"template":"","format":"standard","meta":{"_crdt_document":"","footnotes":""},"categories":[1],"tags":[],"class_list":["post-31848","post","type-post","status-publish","format-standard","has-post-thumbnail","hentry","category-guncel"],"_links":{"self":[{"href":"https:\/\/www.egemtv.com\/index.php?rest_route=\/wp\/v2\/posts\/31848","targetHints":{"allow":["GET"]}}],"collection":[{"href":"https:\/\/www.egemtv.com\/index.php?rest_route=\/wp\/v2\/posts"}],"about":[{"href":"https:\/\/www.egemtv.com\/index.php?rest_route=\/wp\/v2\/types\/post"}],"author":[{"embeddable":true,"href":"https:\/\/www.egemtv.com\/index.php?rest_route=\/wp\/v2\/users\/1"}],"replies":[{"embeddable":true,"href":"https:\/\/www.egemtv.com\/index.php?rest_route=%2Fwp%2Fv2%2Fcomments&post=31848"}],"version-history":[{"count":1,"href":"https:\/\/www.egemtv.com\/index.php?rest_route=\/wp\/v2\/posts\/31848\/revisions"}],"predecessor-version":[{"id":31850,"href":"https:\/\/www.egemtv.com\/index.php?rest_route=\/wp\/v2\/posts\/31848\/revisions\/31850"}],"wp:featuredmedia":[{"embeddable":true,"href":"https:\/\/www.egemtv.com\/index.php?rest_route=\/wp\/v2\/media\/31849"}],"wp:attachment":[{"href":"https:\/\/www.egemtv.com\/index.php?rest_route=%2Fwp%2Fv2%2Fmedia&parent=31848"}],"wp:term":[{"taxonomy":"category","embeddable":true,"href":"https:\/\/www.egemtv.com\/index.php?rest_route=%2Fwp%2Fv2%2Fcategories&post=31848"},{"taxonomy":"post_tag","embeddable":true,"href":"https:\/\/www.egemtv.com\/index.php?rest_route=%2Fwp%2Fv2%2Ftags&post=31848"}],"curies":[{"name":"wp","href":"https:\/\/api.w.org\/{rel}","templated":true}]}}