{"id":31845,"date":"2025-05-28T09:37:33","date_gmt":"2025-05-28T06:37:33","guid":{"rendered":"https:\/\/www.egemtv.com\/?p=31845"},"modified":"2025-05-28T09:37:40","modified_gmt":"2025-05-28T06:37:40","slug":"afyonkarahisarda-saglik-yatirimlari-yerinde-incelendi","status":"publish","type":"post","link":"https:\/\/www.egemtv.com\/?p=31845","title":{"rendered":"Afyonkarahisar\u2019da sa\u011fl\u0131k yat\u0131r\u0131mlar\u0131 yerinde incelendi"},"content":{"rendered":"<p>Afyonkarahisar \u0130l Sa\u011fl\u0131k M\u00fcd\u00fcrl\u00fc\u011f\u00fc Destek Hizmetleri Ba\u015fkan\u0131 Ahmet Uyan ile \u0130l Ambulans Servisi Ba\u015fhekimi Dr. H\u00fcseyin Sercan Y\u0131ld\u0131z, kentte devam eden sa\u011fl\u0131k yat\u0131r\u0131mlar\u0131n\u0131 yerinde inceledi.<br \/>\n<br \/>Heyet, ilk olarak Tatarl\u0131 beldesinde yap\u0131m\u0131 s\u00fcren Acil Sa\u011fl\u0131k Hizmetleri \u0130stasyonu ve Aile Sa\u011fl\u0131\u011f\u0131 Merkezi in\u015faat alan\u0131n\u0131 ziyaret etti. \u00c7al\u0131\u015fmalar\u0131n geldi\u011fi son a\u015famay\u0131 yerinde g\u00f6ren yetkililer, proje s\u00fcreci hakk\u0131nda y\u00fcklenici firma ve teknik ekiplerden detayl\u0131 bilgi ald\u0131. Ziyaretin ikinci dura\u011f\u0131 ise \u015euhut il\u00e7esine ba\u011fl\u0131 Karaadilli beldesinde hizmet veren 2 No\u2019lu Acil Sa\u011fl\u0131k Hizmetleri \u0130stasyonu oldu. Burada g\u00f6revli personelle bir araya gelen Uyan ve Y\u0131ld\u0131z, istasyonun genel durumu, personel ihtiya\u00e7lar\u0131 ve \u00e7al\u0131\u015fma \u015fartlar\u0131 hakk\u0131nda de\u011ferlendirmelerde bulundu.<br \/><\/p>\n","protected":false},"excerpt":{"rendered":"<p>Afyonkarahisar \u0130l Sa\u011fl\u0131k M\u00fcd\u00fcrl\u00fc\u011f\u00fc Destek Hizmetleri Ba\u015fkan\u0131 Ahmet Uyan ile \u0130l Ambulans Servisi Ba\u015fhekimi Dr. H\u00fcseyin Sercan Y\u0131ld\u0131z, kentte devam eden sa\u011fl\u0131k yat\u0131r\u0131mlar\u0131n\u0131 yerinde inceledi. Heyet, ilk olarak Tatarl\u0131 beldesinde yap\u0131m\u0131 s\u00fcren Acil Sa\u011fl\u0131k Hizmetleri \u0130stasyonu ve Aile Sa\u011fl\u0131\u011f\u0131 Merkezi in\u015faat alan\u0131n\u0131 ziyaret etti. \u00c7al\u0131\u015fmalar\u0131n geldi\u011fi son a\u015famay\u0131 yerinde g\u00f6ren yetkililer, proje s\u00fcreci hakk\u0131nda y\u00fcklenici&#8230;<\/p>\n","protected":false},"author":1,"featured_media":31846,"comment_status":"open","ping_status":"open","sticky":false,"template":"","format":"standard","meta":{"_crdt_document":"","footnotes":""},"categories":[2],"tags":[],"class_list":["post-31845","post","type-post","status-publish","format-standard","has-post-thumbnail","hentry","category-saglik"],"_links":{"self":[{"href":"https:\/\/www.egemtv.com\/index.php?rest_route=\/wp\/v2\/posts\/31845","targetHints":{"allow":["GET"]}}],"collection":[{"href":"https:\/\/www.egemtv.com\/index.php?rest_route=\/wp\/v2\/posts"}],"about":[{"href":"https:\/\/www.egemtv.com\/index.php?rest_route=\/wp\/v2\/types\/post"}],"author":[{"embeddable":true,"href":"https:\/\/www.egemtv.com\/index.php?rest_route=\/wp\/v2\/users\/1"}],"replies":[{"embeddable":true,"href":"https:\/\/www.egemtv.com\/index.php?rest_route=%2Fwp%2Fv2%2Fcomments&post=31845"}],"version-history":[{"count":1,"href":"https:\/\/www.egemtv.com\/index.php?rest_route=\/wp\/v2\/posts\/31845\/revisions"}],"predecessor-version":[{"id":31847,"href":"https:\/\/www.egemtv.com\/index.php?rest_route=\/wp\/v2\/posts\/31845\/revisions\/31847"}],"wp:featuredmedia":[{"embeddable":true,"href":"https:\/\/www.egemtv.com\/index.php?rest_route=\/wp\/v2\/media\/31846"}],"wp:attachment":[{"href":"https:\/\/www.egemtv.com\/index.php?rest_route=%2Fwp%2Fv2%2Fmedia&parent=31845"}],"wp:term":[{"taxonomy":"category","embeddable":true,"href":"https:\/\/www.egemtv.com\/index.php?rest_route=%2Fwp%2Fv2%2Fcategories&post=31845"},{"taxonomy":"post_tag","embeddable":true,"href":"https:\/\/www.egemtv.com\/index.php?rest_route=%2Fwp%2Fv2%2Ftags&post=31845"}],"curies":[{"name":"wp","href":"https:\/\/api.w.org\/{rel}","templated":true}]}}