{"id":31842,"date":"2025-05-28T09:37:26","date_gmt":"2025-05-28T06:37:26","guid":{"rendered":"https:\/\/www.egemtv.com\/?p=31842"},"modified":"2025-05-28T09:37:33","modified_gmt":"2025-05-28T06:37:33","slug":"afyonkarahisar-osbde-yesil-donusum-ve-altyapi-calismalari-suruyor","status":"publish","type":"post","link":"https:\/\/www.egemtv.com\/?p=31842","title":{"rendered":"Afyonkarahisar OSB\u2019de ye\u015fil d\u00f6n\u00fc\u015f\u00fcm ve altyap\u0131 \u00e7al\u0131\u015fmalar\u0131 s\u00fcr\u00fcyor"},"content":{"rendered":"<p>Afyonkarahisar Organize Sanayi B\u00f6lgesi (OSB) M\u00fcd\u00fcrl\u00fc\u011f\u00fc ye\u015fil alanlar\u0131n art\u0131r\u0131lmas\u0131na y\u00f6nelik olarak \u00e7e\u015fitli alanlara fidan dikimi ger\u00e7ekle\u015ftirirken, y\u0131pranan kald\u0131r\u0131m ve bord\u00fcrler de yeniledi.<br \/>\n<br \/>B\u00f6lgenin daha temiz, daha d\u00fczenli ve ye\u015fil bir g\u00f6r\u00fcn\u00fcme kavu\u015fmas\u0131 amac\u0131yla ger\u00e7ekle\u015ftirilen \u00e7al\u0131\u015fmalar kapsam\u0131nda, farkl\u0131 alanlarda titizlikle uygulamalar yap\u0131l\u0131yor. OSB ekipleri,  ye\u015fil alanlar\u0131n art\u0131r\u0131lmas\u0131na y\u00f6nelik olarak \u00e7e\u015fitli b\u00f6lgelere fidan dikimi ger\u00e7ekle\u015ftirirken, zamanla y\u0131pranan kald\u0131r\u0131m ve bord\u00fcrler de yenileyerek, daha estetik ve g\u00fcvenli bir hale getirdi. Ayr\u0131ca orta ref\u00fcjler, ye\u015fil alanlar ve kald\u0131r\u0131m kenarlar\u0131nda olu\u015fan yabani otlar da temizlendi.<br \/><\/p>\n","protected":false},"excerpt":{"rendered":"<p>Afyonkarahisar Organize Sanayi B\u00f6lgesi (OSB) M\u00fcd\u00fcrl\u00fc\u011f\u00fc ye\u015fil alanlar\u0131n art\u0131r\u0131lmas\u0131na y\u00f6nelik olarak \u00e7e\u015fitli alanlara fidan dikimi ger\u00e7ekle\u015ftirirken, y\u0131pranan kald\u0131r\u0131m ve bord\u00fcrler de yeniledi. B\u00f6lgenin daha temiz, daha d\u00fczenli ve ye\u015fil bir g\u00f6r\u00fcn\u00fcme kavu\u015fmas\u0131 amac\u0131yla ger\u00e7ekle\u015ftirilen \u00e7al\u0131\u015fmalar kapsam\u0131nda, farkl\u0131 alanlarda titizlikle uygulamalar yap\u0131l\u0131yor. OSB ekipleri, ye\u015fil alanlar\u0131n art\u0131r\u0131lmas\u0131na y\u00f6nelik olarak \u00e7e\u015fitli b\u00f6lgelere fidan dikimi ger\u00e7ekle\u015ftirirken, zamanla y\u0131pranan&#8230;<\/p>\n","protected":false},"author":1,"featured_media":31843,"comment_status":"open","ping_status":"open","sticky":false,"template":"","format":"standard","meta":{"_crdt_document":"","footnotes":""},"categories":[1],"tags":[],"class_list":["post-31842","post","type-post","status-publish","format-standard","has-post-thumbnail","hentry","category-guncel"],"_links":{"self":[{"href":"https:\/\/www.egemtv.com\/index.php?rest_route=\/wp\/v2\/posts\/31842","targetHints":{"allow":["GET"]}}],"collection":[{"href":"https:\/\/www.egemtv.com\/index.php?rest_route=\/wp\/v2\/posts"}],"about":[{"href":"https:\/\/www.egemtv.com\/index.php?rest_route=\/wp\/v2\/types\/post"}],"author":[{"embeddable":true,"href":"https:\/\/www.egemtv.com\/index.php?rest_route=\/wp\/v2\/users\/1"}],"replies":[{"embeddable":true,"href":"https:\/\/www.egemtv.com\/index.php?rest_route=%2Fwp%2Fv2%2Fcomments&post=31842"}],"version-history":[{"count":1,"href":"https:\/\/www.egemtv.com\/index.php?rest_route=\/wp\/v2\/posts\/31842\/revisions"}],"predecessor-version":[{"id":31844,"href":"https:\/\/www.egemtv.com\/index.php?rest_route=\/wp\/v2\/posts\/31842\/revisions\/31844"}],"wp:featuredmedia":[{"embeddable":true,"href":"https:\/\/www.egemtv.com\/index.php?rest_route=\/wp\/v2\/media\/31843"}],"wp:attachment":[{"href":"https:\/\/www.egemtv.com\/index.php?rest_route=%2Fwp%2Fv2%2Fmedia&parent=31842"}],"wp:term":[{"taxonomy":"category","embeddable":true,"href":"https:\/\/www.egemtv.com\/index.php?rest_route=%2Fwp%2Fv2%2Fcategories&post=31842"},{"taxonomy":"post_tag","embeddable":true,"href":"https:\/\/www.egemtv.com\/index.php?rest_route=%2Fwp%2Fv2%2Ftags&post=31842"}],"curies":[{"name":"wp","href":"https:\/\/api.w.org\/{rel}","templated":true}]}}