{"id":31836,"date":"2025-05-28T09:37:17","date_gmt":"2025-05-28T06:37:17","guid":{"rendered":"https:\/\/www.egemtv.com\/?p=31836"},"modified":"2025-05-28T09:37:21","modified_gmt":"2025-05-28T06:37:21","slug":"dunya-satranc-ustalari-cesmede-bulusuyor","status":"publish","type":"post","link":"https:\/\/www.egemtv.com\/?p=31836","title":{"rendered":"D\u00fcnya satran\u00e7 ustalar\u0131 \u00c7e\u015fme\u2019de bulu\u015fuyor"},"content":{"rendered":"<p>T\u00fcrkiye\u2019nin en b\u00fcy\u00fck a\u00e7\u0131k satran\u00e7 turnuvas\u0131 olan 11. \u00c7e\u015fme Uluslararas\u0131 A\u00e7\u0131k Satran\u00e7 Turnuvas\u0131, 23-29 Haziran 2025 tarihleri aras\u0131nda \u00c7e\u015fme\u2019de d\u00fczenlenecek. Turnuvaya 29 \u00fclkeden 500\u2019\u00fc a\u015fk\u0131n sporcu kat\u0131lacak.<br \/>\n<br \/>T\u00fcrkiye\u2019nin ve Avrupa\u2019n\u0131n en prestijli satran\u00e7 organizasyonlar\u0131ndan biri olan 11. \u00c7e\u015fme Open, bu y\u0131l da y\u00fczlerce yerli ve yabanc\u0131 sporcuyu \u0130zmir\u2019in g\u00f6zde il\u00e7esi \u00c7e\u015fme\u2019de a\u011f\u0131rlamaya haz\u0131rlan\u0131yor. Satran\u00e7 tutkunlar\u0131n\u0131n heyecanla bekledi\u011fi turnuva, 23-29 Haziran 2025 tarihleri aras\u0131nda Aya Haralambos K\u00fclt\u00fcr Merkezi ile S\u0131d\u0131ka Kelami Ertan Ortaokulu Spor Salonu\u2019nda ger\u00e7ekle\u015ftirilecek.<br \/>\n<br \/>Toplam 900 bin TL \u00f6d\u00fcl havuzuna sahip turnuvada, 24 B\u00fcy\u00fckusta (GM) ve 32 Uluslararas\u0131 Usta (IM) dahil olmak \u00fczere 118 unvanl\u0131 sporcu m\u00fccadele edecek. Turnuvaya kat\u0131lmak isteyen sporcular i\u00e7in son ba\u015fvuru tarihi 21 Haziran 2025, saat 21:00 olarak a\u00e7\u0131kland\u0131.<\/p>\n<p>29 \u00fclkeden sporcu kat\u0131l\u0131yor<br \/>\n<br \/>Uluslararas\u0131 bir bulu\u015fmaya sahne olacak \u00c7e\u015fme Open\u2019a bu y\u0131l 29 \u00fclkeden sporcu kay\u0131t yapt\u0131rd\u0131. Arjantin, Avusturya, Azerbaycan, Bulgaristan, Danimarka, \u0130ngiltere, Fide, G\u00fcrcistan, Almanya, Yunanistan, Macaristan, Hindistan, \u0130ran, \u0130talya, \u00dcrd\u00fcn, Kazakistan, Libya, Meksika, Mo\u011folistan, Makedonya, Norve\u00e7, Polonya, Rusya, G\u00fcney Afrika, \u0130svi\u00e7re, T\u00fcrkmenistan, T\u00fcrkiye, Amerika, \u00d6zbekistan\u2019dan satran\u00e7 d\u00fcnyas\u0131n\u0131n g\u00fc\u00e7l\u00fc temsilcileri de yer al\u0131yor.<br \/>\n<br \/>Organizasyon, y\u00fcksek seviyeli rekabetin yan\u0131 s\u0131ra satran\u00e7severler i\u00e7in e\u015fsiz bir deneyim sunmay\u0131 hedefliyor. \u00c7e\u015fme\u2019nin tarihi ve do\u011fal g\u00fczellikleriyle birle\u015fen bu etkinlik, sporculara tatil ve yar\u0131\u015fmay\u0131 ayn\u0131 anda ya\u015fama imk\u00e2n\u0131 tan\u0131yor.<\/p>\n<p>&#8220;Sadece bir turnuva de\u011fil, k\u00fclt\u00fcrel bir bulu\u015fma&#8221;<br \/>\n<br \/>Turnuva organizat\u00f6rleri, 11. \u00c7e\u015fme Open\u2019\u0131n yaln\u0131zca bir satran\u00e7 turnuvas\u0131 olmad\u0131\u011f\u0131n\u0131, ayn\u0131 zamanda sporun birle\u015ftirici g\u00fcc\u00fcn\u00fc ve farkl\u0131 k\u00fclt\u00fcrleri bulu\u015fturan uluslararas\u0131 bir etkinlik oldu\u011funu belirtiyor. Her y\u0131l artan ilgiyle b\u00fcy\u00fcyen turnuva, T\u00fcrkiye\u2019nin satran\u00e7 turizmine katk\u0131 sa\u011flayan \u00f6rnek organizasyonlar aras\u0131nda g\u00f6steriliyor.<br \/>\n<br \/>Turnuvayla ilgili t\u00fcm bilgilere ve kay\u0131t i\u015flemlerine organizasyonun \u00c7e\u015fme Open resmi web sitesi \u00fczerinden ula\u015f\u0131labiliyor. Profesyonel sporcular kadar amat\u00f6r satran\u00e7 merakl\u0131lar\u0131n\u0131n da ilgisini \u00e7eken bu b\u00fcy\u00fck organizasyon, 2025 yaz\u0131n\u0131n en dikkat \u00e7eken spor etkinliklerinden biri olmaya aday.<br \/><\/p>\n","protected":false},"excerpt":{"rendered":"<p>T\u00fcrkiye\u2019nin en b\u00fcy\u00fck a\u00e7\u0131k satran\u00e7 turnuvas\u0131 olan 11. \u00c7e\u015fme Uluslararas\u0131 A\u00e7\u0131k Satran\u00e7 Turnuvas\u0131, 23-29 Haziran 2025 tarihleri aras\u0131nda \u00c7e\u015fme\u2019de d\u00fczenlenecek. Turnuvaya 29 \u00fclkeden 500\u2019\u00fc a\u015fk\u0131n sporcu kat\u0131lacak. T\u00fcrkiye\u2019nin ve Avrupa\u2019n\u0131n en prestijli satran\u00e7 organizasyonlar\u0131ndan biri olan 11. \u00c7e\u015fme Open, bu y\u0131l da y\u00fczlerce yerli ve yabanc\u0131 sporcuyu \u0130zmir\u2019in g\u00f6zde il\u00e7esi \u00c7e\u015fme\u2019de a\u011f\u0131rlamaya haz\u0131rlan\u0131yor. Satran\u00e7 tutkunlar\u0131n\u0131n&#8230;<\/p>\n","protected":false},"author":1,"featured_media":31837,"comment_status":"open","ping_status":"open","sticky":false,"template":"","format":"standard","meta":{"_crdt_document":"","footnotes":""},"categories":[4],"tags":[],"class_list":["post-31836","post","type-post","status-publish","format-standard","has-post-thumbnail","hentry","category-spor"],"_links":{"self":[{"href":"https:\/\/www.egemtv.com\/index.php?rest_route=\/wp\/v2\/posts\/31836","targetHints":{"allow":["GET"]}}],"collection":[{"href":"https:\/\/www.egemtv.com\/index.php?rest_route=\/wp\/v2\/posts"}],"about":[{"href":"https:\/\/www.egemtv.com\/index.php?rest_route=\/wp\/v2\/types\/post"}],"author":[{"embeddable":true,"href":"https:\/\/www.egemtv.com\/index.php?rest_route=\/wp\/v2\/users\/1"}],"replies":[{"embeddable":true,"href":"https:\/\/www.egemtv.com\/index.php?rest_route=%2Fwp%2Fv2%2Fcomments&post=31836"}],"version-history":[{"count":1,"href":"https:\/\/www.egemtv.com\/index.php?rest_route=\/wp\/v2\/posts\/31836\/revisions"}],"predecessor-version":[{"id":31838,"href":"https:\/\/www.egemtv.com\/index.php?rest_route=\/wp\/v2\/posts\/31836\/revisions\/31838"}],"wp:featuredmedia":[{"embeddable":true,"href":"https:\/\/www.egemtv.com\/index.php?rest_route=\/wp\/v2\/media\/31837"}],"wp:attachment":[{"href":"https:\/\/www.egemtv.com\/index.php?rest_route=%2Fwp%2Fv2%2Fmedia&parent=31836"}],"wp:term":[{"taxonomy":"category","embeddable":true,"href":"https:\/\/www.egemtv.com\/index.php?rest_route=%2Fwp%2Fv2%2Fcategories&post=31836"},{"taxonomy":"post_tag","embeddable":true,"href":"https:\/\/www.egemtv.com\/index.php?rest_route=%2Fwp%2Fv2%2Ftags&post=31836"}],"curies":[{"name":"wp","href":"https:\/\/api.w.org\/{rel}","templated":true}]}}