{"id":31833,"date":"2025-05-28T09:15:52","date_gmt":"2025-05-28T06:15:52","guid":{"rendered":"https:\/\/www.egemtv.com\/?p=31833"},"modified":"2025-05-28T09:15:57","modified_gmt":"2025-05-28T06:15:57","slug":"emek-ve-el-sanatlari-sergilendi","status":"publish","type":"post","link":"https:\/\/www.egemtv.com\/?p=31833","title":{"rendered":"Emek ve el sanatlar\u0131 sergilendi"},"content":{"rendered":"<p>Afyonkarahisar Sand\u0131kl\u0131 Halk E\u011fitim Merkezi taraf\u0131ndan her y\u0131l geleneksel olarak d\u00fczenlenen \u2019Y\u0131l Sonu Sergisi\u2019 bu y\u0131l da b\u00fcy\u00fck bir kat\u0131l\u0131mla ger\u00e7ekle\u015ftirildi.<br \/>\n<br \/>Kent Park D\u00fc\u011f\u00fcn Salonu\u2019nda a\u00e7\u0131lan sergide, kursiyerlerin y\u0131l boyunca haz\u0131rlad\u0131\u011f\u0131 el eme\u011fi \u00fcr\u00fcnler vatanda\u015flar\u0131n be\u011fenisine sunuldu. Serginin a\u00e7\u0131l\u0131\u015f program\u0131na Sand\u0131kl\u0131 Kaymakam\u0131 \u00d6nder \u00c7engel, Belediye Ba\u015fkan\u0131 Adnan \u00d6zta\u015f ve il\u00e7e protokol\u00fc \u00fcyeleri kat\u0131ld\u0131. Kat\u0131l\u0131mc\u0131lar, kursiyerler ve e\u011fitmenlerle sohbet ederek sergilenen \u00e7al\u0131\u015fmalar\u0131 ilgiyle inceledi. Sergi alan\u0131n\u0131 gezdikten sonra kat\u0131l\u0131mc\u0131lar, eme\u011fi ge\u00e7enlere te\u015fekk\u00fcr ederek memnuniyetlerini dile getirdi. Halk E\u011fitim Merkezi\u2019nin toplumun her kesimine hitap eden kurslarla bireysel geli\u015fime katk\u0131 sundu\u011funa dikkat \u00e7ekildi.<br \/>\n<br \/>Program, sergi alan\u0131nda \u00e7ekilen hat\u0131ra foto\u011fraflar\u0131yla sona erdi.<br \/><\/p>\n","protected":false},"excerpt":{"rendered":"<p>Afyonkarahisar Sand\u0131kl\u0131 Halk E\u011fitim Merkezi taraf\u0131ndan her y\u0131l geleneksel olarak d\u00fczenlenen \u2019Y\u0131l Sonu Sergisi\u2019 bu y\u0131l da b\u00fcy\u00fck bir kat\u0131l\u0131mla ger\u00e7ekle\u015ftirildi. Kent Park D\u00fc\u011f\u00fcn Salonu\u2019nda a\u00e7\u0131lan sergide, kursiyerlerin y\u0131l boyunca haz\u0131rlad\u0131\u011f\u0131 el eme\u011fi \u00fcr\u00fcnler vatanda\u015flar\u0131n be\u011fenisine sunuldu. Serginin a\u00e7\u0131l\u0131\u015f program\u0131na Sand\u0131kl\u0131 Kaymakam\u0131 \u00d6nder \u00c7engel, Belediye Ba\u015fkan\u0131 Adnan \u00d6zta\u015f ve il\u00e7e protokol\u00fc \u00fcyeleri kat\u0131ld\u0131. Kat\u0131l\u0131mc\u0131lar, kursiyerler&#8230;<\/p>\n","protected":false},"author":1,"featured_media":31834,"comment_status":"open","ping_status":"open","sticky":false,"template":"","format":"standard","meta":{"_crdt_document":"","footnotes":""},"categories":[1],"tags":[],"class_list":["post-31833","post","type-post","status-publish","format-standard","has-post-thumbnail","hentry","category-guncel"],"_links":{"self":[{"href":"https:\/\/www.egemtv.com\/index.php?rest_route=\/wp\/v2\/posts\/31833","targetHints":{"allow":["GET"]}}],"collection":[{"href":"https:\/\/www.egemtv.com\/index.php?rest_route=\/wp\/v2\/posts"}],"about":[{"href":"https:\/\/www.egemtv.com\/index.php?rest_route=\/wp\/v2\/types\/post"}],"author":[{"embeddable":true,"href":"https:\/\/www.egemtv.com\/index.php?rest_route=\/wp\/v2\/users\/1"}],"replies":[{"embeddable":true,"href":"https:\/\/www.egemtv.com\/index.php?rest_route=%2Fwp%2Fv2%2Fcomments&post=31833"}],"version-history":[{"count":1,"href":"https:\/\/www.egemtv.com\/index.php?rest_route=\/wp\/v2\/posts\/31833\/revisions"}],"predecessor-version":[{"id":31835,"href":"https:\/\/www.egemtv.com\/index.php?rest_route=\/wp\/v2\/posts\/31833\/revisions\/31835"}],"wp:featuredmedia":[{"embeddable":true,"href":"https:\/\/www.egemtv.com\/index.php?rest_route=\/wp\/v2\/media\/31834"}],"wp:attachment":[{"href":"https:\/\/www.egemtv.com\/index.php?rest_route=%2Fwp%2Fv2%2Fmedia&parent=31833"}],"wp:term":[{"taxonomy":"category","embeddable":true,"href":"https:\/\/www.egemtv.com\/index.php?rest_route=%2Fwp%2Fv2%2Fcategories&post=31833"},{"taxonomy":"post_tag","embeddable":true,"href":"https:\/\/www.egemtv.com\/index.php?rest_route=%2Fwp%2Fv2%2Ftags&post=31833"}],"curies":[{"name":"wp","href":"https:\/\/api.w.org\/{rel}","templated":true}]}}