{"id":31830,"date":"2025-05-28T09:15:47","date_gmt":"2025-05-28T06:15:47","guid":{"rendered":"https:\/\/www.egemtv.com\/?p=31830"},"modified":"2025-05-28T09:15:52","modified_gmt":"2025-05-28T06:15:52","slug":"afyonkarahisarda-baba-okulu-seminerine-katilanlara-belge-takdimi","status":"publish","type":"post","link":"https:\/\/www.egemtv.com\/?p=31830","title":{"rendered":"Afyonkarahisar\u2019da &#8220;Baba Okulu&#8221; seminerine kat\u0131lanlara belge takdimi"},"content":{"rendered":"<p>Diyanet \u0130\u015fleri Ba\u015fkanl\u0131\u011f\u0131 taraf\u0131ndan aile yap\u0131s\u0131n\u0131n g\u00fc\u00e7lendirilmesi ve babalar\u0131n aile i\u00e7indeki rol\u00fcne dikkat \u00e7ekilmesi amac\u0131yla ba\u015flat\u0131lan &#8220;Baba Okulu&#8221; projesi \u00e7er\u00e7evesinde Afyonkarahisar \u0130l M\u00fcft\u00fcl\u00fc\u011f\u00fc Aile ve Dini Rehberlik Merkezi taraf\u0131ndan \u00fc\u00e7\u00fcnc\u00fc d\u00f6nem seminer program\u0131 ba\u015far\u0131yla tamamland\u0131.<br \/>\n<br \/>Seminerin d\u00f6rd\u00fcnc\u00fc ve son haftas\u0131nda Uzman Vaiz Durmu\u015f Ali G\u00fcnd\u00fczer, &#8220;Baba-Gen\u00e7 \u0130leti\u015fimi&#8221; ve &#8220;Mahremiyet E\u011fitiminde Baban\u0131n Rol\u00fc&#8221; ba\u015fl\u0131klar\u0131nda kat\u0131l\u0131mc\u0131lara \u00f6nemli bilgiler aktard\u0131. Kur\u2019an ve S\u00fcnnet temelinde \u015fekillenen sunumlarda, babal\u0131k g\u00f6revine dair dini ve ahlaki sorumluluklar \u00f6n plana \u00e7\u0131kar\u0131ld\u0131. D\u00f6rt hafta s\u00fcren seminer s\u00fcrecine d\u00fczenli olarak kat\u0131lan kursiyerler, program sonunda kat\u0131l\u0131m belgelerini almaya hak kazand\u0131. Ger\u00e7ekle\u015ftirilen t\u00f6renle belgeler, \u0130l M\u00fcft\u00fcs\u00fc L\u00fctf\u00fc \u0130mamo\u011flu taraf\u0131ndan takdim edildi. T\u00f6rende bir konu\u015fma yapan M\u00fcft\u00fc \u0130mamo\u011flu, &#8220;Aile, toplumun temelidir. Baban\u0131n rehberli\u011fi, koruyuculu\u011fu ve ileti\u015fimdeki rol\u00fc bu temelin sa\u011flam kalmas\u0131nda son derece \u00f6nemlidir. Bu bilin\u00e7le programa kat\u0131lan t\u00fcm babalar\u0131m\u0131za ve katk\u0131 sunan hocalar\u0131m\u0131za te\u015fekk\u00fcr ediyorum&#8221; dedi.<br \/><\/p>\n","protected":false},"excerpt":{"rendered":"<p>Diyanet \u0130\u015fleri Ba\u015fkanl\u0131\u011f\u0131 taraf\u0131ndan aile yap\u0131s\u0131n\u0131n g\u00fc\u00e7lendirilmesi ve babalar\u0131n aile i\u00e7indeki rol\u00fcne dikkat \u00e7ekilmesi amac\u0131yla ba\u015flat\u0131lan &#8220;Baba Okulu&#8221; projesi \u00e7er\u00e7evesinde Afyonkarahisar \u0130l M\u00fcft\u00fcl\u00fc\u011f\u00fc Aile ve Dini Rehberlik Merkezi taraf\u0131ndan \u00fc\u00e7\u00fcnc\u00fc d\u00f6nem seminer program\u0131 ba\u015far\u0131yla tamamland\u0131. Seminerin d\u00f6rd\u00fcnc\u00fc ve son haftas\u0131nda Uzman Vaiz Durmu\u015f Ali G\u00fcnd\u00fczer, &#8220;Baba-Gen\u00e7 \u0130leti\u015fimi&#8221; ve &#8220;Mahremiyet E\u011fitiminde Baban\u0131n Rol\u00fc&#8221; ba\u015fl\u0131klar\u0131nda kat\u0131l\u0131mc\u0131lara \u00f6nemli&#8230;<\/p>\n","protected":false},"author":1,"featured_media":31831,"comment_status":"open","ping_status":"open","sticky":false,"template":"","format":"standard","meta":{"_crdt_document":"","footnotes":""},"categories":[1],"tags":[],"class_list":["post-31830","post","type-post","status-publish","format-standard","has-post-thumbnail","hentry","category-guncel"],"_links":{"self":[{"href":"https:\/\/www.egemtv.com\/index.php?rest_route=\/wp\/v2\/posts\/31830","targetHints":{"allow":["GET"]}}],"collection":[{"href":"https:\/\/www.egemtv.com\/index.php?rest_route=\/wp\/v2\/posts"}],"about":[{"href":"https:\/\/www.egemtv.com\/index.php?rest_route=\/wp\/v2\/types\/post"}],"author":[{"embeddable":true,"href":"https:\/\/www.egemtv.com\/index.php?rest_route=\/wp\/v2\/users\/1"}],"replies":[{"embeddable":true,"href":"https:\/\/www.egemtv.com\/index.php?rest_route=%2Fwp%2Fv2%2Fcomments&post=31830"}],"version-history":[{"count":1,"href":"https:\/\/www.egemtv.com\/index.php?rest_route=\/wp\/v2\/posts\/31830\/revisions"}],"predecessor-version":[{"id":31832,"href":"https:\/\/www.egemtv.com\/index.php?rest_route=\/wp\/v2\/posts\/31830\/revisions\/31832"}],"wp:featuredmedia":[{"embeddable":true,"href":"https:\/\/www.egemtv.com\/index.php?rest_route=\/wp\/v2\/media\/31831"}],"wp:attachment":[{"href":"https:\/\/www.egemtv.com\/index.php?rest_route=%2Fwp%2Fv2%2Fmedia&parent=31830"}],"wp:term":[{"taxonomy":"category","embeddable":true,"href":"https:\/\/www.egemtv.com\/index.php?rest_route=%2Fwp%2Fv2%2Fcategories&post=31830"},{"taxonomy":"post_tag","embeddable":true,"href":"https:\/\/www.egemtv.com\/index.php?rest_route=%2Fwp%2Fv2%2Ftags&post=31830"}],"curies":[{"name":"wp","href":"https:\/\/api.w.org\/{rel}","templated":true}]}}