{"id":31827,"date":"2025-05-28T09:15:42","date_gmt":"2025-05-28T06:15:42","guid":{"rendered":"https:\/\/www.egemtv.com\/?p=31827"},"modified":"2025-05-28T09:15:47","modified_gmt":"2025-05-28T06:15:47","slug":"afyonkarahisar-il-muftulugu-kupasini-aldi-dostluk-kazandi","status":"publish","type":"post","link":"https:\/\/www.egemtv.com\/?p=31827","title":{"rendered":"Afyonkarahisar \u0130l M\u00fcft\u00fcl\u00fc\u011f\u00fc kupas\u0131n\u0131 ald\u0131, dostluk kazand\u0131"},"content":{"rendered":"<p>Afyonkarahisar \u0130l M\u00fcft\u00fcl\u00fc\u011f\u00fc taraf\u0131ndan kurum i\u00e7i dayan\u0131\u015fmay\u0131 art\u0131rmak, tan\u0131\u015fma ve kayna\u015fmay\u0131 sa\u011flamak amac\u0131yla d\u00fczenlenen futbol turnuvas\u0131nda m\u00fcft\u00fcl\u00fck futbol tak\u0131m\u0131 \u015fampiyon oldu.<br \/>\n<br \/>Afyonkarahisar \u0130l M\u00fcft\u00fcl\u00fc\u011f\u00fc taraf\u0131ndan kurum i\u00e7i dayan\u0131\u015fmay\u0131 art\u0131rmak, tan\u0131\u015fma ve kayna\u015fmay\u0131 sa\u011flamak amac\u0131yla d\u00fczenlenen futbol turnuvas\u0131 sona erdi. \u0130l ve il\u00e7e m\u00fcft\u00fcl\u00fckleri aras\u0131nda b\u00fcy\u00fck heyecana sahne olan m\u00fcsabakalar\u0131n ard\u0131ndan, \u0130l M\u00fcft\u00fcl\u00fc\u011f\u00fc futbol tak\u0131m\u0131 \u015fampiyonlu\u011fu elde etti. Turnuva finalinde \u00fcst\u00fcn performans sergileyerek rakibini ma\u011flup eden \u0130l M\u00fcft\u00fcl\u00fc\u011f\u00fc tak\u0131m\u0131, teknik heyet ve oyunculardan olu\u015fan bir ekiple birlikte \u0130l M\u00fcft\u00fcs\u00fc L\u00fctf\u00fc \u0130mamo\u011flu\u2019nu makam\u0131nda ziyaret etti. Ziyaret s\u0131ras\u0131nda turnuva \u015fampiyonluk kupas\u0131 M\u00fcft\u00fc \u0130mamo\u011flu\u2019na takdim edildi.<br \/><\/p>\n","protected":false},"excerpt":{"rendered":"<p>Afyonkarahisar \u0130l M\u00fcft\u00fcl\u00fc\u011f\u00fc taraf\u0131ndan kurum i\u00e7i dayan\u0131\u015fmay\u0131 art\u0131rmak, tan\u0131\u015fma ve kayna\u015fmay\u0131 sa\u011flamak amac\u0131yla d\u00fczenlenen futbol turnuvas\u0131nda m\u00fcft\u00fcl\u00fck futbol tak\u0131m\u0131 \u015fampiyon oldu. Afyonkarahisar \u0130l M\u00fcft\u00fcl\u00fc\u011f\u00fc taraf\u0131ndan kurum i\u00e7i dayan\u0131\u015fmay\u0131 art\u0131rmak, tan\u0131\u015fma ve kayna\u015fmay\u0131 sa\u011flamak amac\u0131yla d\u00fczenlenen futbol turnuvas\u0131 sona erdi. \u0130l ve il\u00e7e m\u00fcft\u00fcl\u00fckleri aras\u0131nda b\u00fcy\u00fck heyecana sahne olan m\u00fcsabakalar\u0131n ard\u0131ndan, \u0130l M\u00fcft\u00fcl\u00fc\u011f\u00fc futbol tak\u0131m\u0131 \u015fampiyonlu\u011fu&#8230;<\/p>\n","protected":false},"author":1,"featured_media":31828,"comment_status":"open","ping_status":"open","sticky":false,"template":"","format":"standard","meta":{"_crdt_document":"","footnotes":""},"categories":[1],"tags":[],"class_list":["post-31827","post","type-post","status-publish","format-standard","has-post-thumbnail","hentry","category-guncel"],"_links":{"self":[{"href":"https:\/\/www.egemtv.com\/index.php?rest_route=\/wp\/v2\/posts\/31827","targetHints":{"allow":["GET"]}}],"collection":[{"href":"https:\/\/www.egemtv.com\/index.php?rest_route=\/wp\/v2\/posts"}],"about":[{"href":"https:\/\/www.egemtv.com\/index.php?rest_route=\/wp\/v2\/types\/post"}],"author":[{"embeddable":true,"href":"https:\/\/www.egemtv.com\/index.php?rest_route=\/wp\/v2\/users\/1"}],"replies":[{"embeddable":true,"href":"https:\/\/www.egemtv.com\/index.php?rest_route=%2Fwp%2Fv2%2Fcomments&post=31827"}],"version-history":[{"count":1,"href":"https:\/\/www.egemtv.com\/index.php?rest_route=\/wp\/v2\/posts\/31827\/revisions"}],"predecessor-version":[{"id":31829,"href":"https:\/\/www.egemtv.com\/index.php?rest_route=\/wp\/v2\/posts\/31827\/revisions\/31829"}],"wp:featuredmedia":[{"embeddable":true,"href":"https:\/\/www.egemtv.com\/index.php?rest_route=\/wp\/v2\/media\/31828"}],"wp:attachment":[{"href":"https:\/\/www.egemtv.com\/index.php?rest_route=%2Fwp%2Fv2%2Fmedia&parent=31827"}],"wp:term":[{"taxonomy":"category","embeddable":true,"href":"https:\/\/www.egemtv.com\/index.php?rest_route=%2Fwp%2Fv2%2Fcategories&post=31827"},{"taxonomy":"post_tag","embeddable":true,"href":"https:\/\/www.egemtv.com\/index.php?rest_route=%2Fwp%2Fv2%2Ftags&post=31827"}],"curies":[{"name":"wp","href":"https:\/\/api.w.org\/{rel}","templated":true}]}}