{"id":31824,"date":"2025-05-28T08:15:16","date_gmt":"2025-05-28T05:15:16","guid":{"rendered":"https:\/\/www.egemtv.com\/?p=31824"},"modified":"2025-05-28T08:15:21","modified_gmt":"2025-05-28T05:15:21","slug":"ogrenmenin-yasinin-olmadigini-gosterdiler","status":"publish","type":"post","link":"https:\/\/www.egemtv.com\/?p=31824","title":{"rendered":"\u00d6\u011frenmenin ya\u015f\u0131n\u0131n olmad\u0131\u011f\u0131n\u0131 g\u00f6sterdiler"},"content":{"rendered":"<p>Sar\u0131g\u00f6l Halk E\u011fitim Merkezi M\u00fcd\u00fcrl\u00fc\u011f\u00fc taraf\u0131ndan \u2019Hayat Boyu \u00d6\u011frenme Haftas\u0131\u2019 etkinlikleri kapsam\u0131nda d\u00fczenlenen sergi \u00f6\u011frenmenin ya\u015f\u0131n\u0131n olmad\u0131\u011f\u0131n\u0131 g\u00f6zler \u00f6n\u00fcne serdi.<br \/>\n<br \/>Sar\u0131g\u00f6l Mesleki ve Teknik Anadolu Lisesi\u2019nde ger\u00e7ekle\u015ftirilen programa, Sar\u0131g\u00f6l Kaymakam\u0131 Halil Dalak, \u0130l\u00e7e Milli E\u011fitim M\u00fcd\u00fcr\u00fc Cezmi Y\u0131ld\u0131rak, okul m\u00fcd\u00fcrleri, \u00f6\u011fretmenler, \u00f6\u011frenciler ve veliler kat\u0131ld\u0131.<br \/>\n<br \/>Program kapsam\u0131nda a\u00e7\u0131lan serginin a\u00e7\u0131l\u0131\u015f\u0131n\u0131 Sar\u0131g\u00f6l Kaymakam\u0131 Halil Dalak yapt\u0131. Sergiyi gezen Kaymakam Dalak, kurs \u00f6\u011fretmenlerine ve kursiyerlere \u00e7al\u0131\u015fmalar\u0131ndan dolay\u0131 te\u015fekk\u00fcr etti.<br \/>\n<br \/>Etkinlikte halk oyunlar\u0131 g\u00f6sterileri, mini konserler ve kursiyerlerin el eme\u011fi g\u00f6z nuru \u00fcr\u00fcnlerinin yer ald\u0131\u011f\u0131 stantlar b\u00fcy\u00fck be\u011feni toplad\u0131. Ayr\u0131ca Halk E\u011fitimi Merkezi taraf\u0131ndan a\u00e7\u0131lan kurslar\u0131n tan\u0131t\u0131m\u0131 yap\u0131larak hayat boyu \u00f6\u011frenmenin \u00f6nemi vurguland\u0131.<br \/>\n<br \/>Kat\u0131l\u0131mc\u0131lar, etkinlikler boyunca hem e\u011flenceli hem de \u00f6\u011fretici anlar ya\u015fad\u0131.<br \/><\/p>\n","protected":false},"excerpt":{"rendered":"<p>Sar\u0131g\u00f6l Halk E\u011fitim Merkezi M\u00fcd\u00fcrl\u00fc\u011f\u00fc taraf\u0131ndan \u2019Hayat Boyu \u00d6\u011frenme Haftas\u0131\u2019 etkinlikleri kapsam\u0131nda d\u00fczenlenen sergi \u00f6\u011frenmenin ya\u015f\u0131n\u0131n olmad\u0131\u011f\u0131n\u0131 g\u00f6zler \u00f6n\u00fcne serdi. Sar\u0131g\u00f6l Mesleki ve Teknik Anadolu Lisesi\u2019nde ger\u00e7ekle\u015ftirilen programa, Sar\u0131g\u00f6l Kaymakam\u0131 Halil Dalak, \u0130l\u00e7e Milli E\u011fitim M\u00fcd\u00fcr\u00fc Cezmi Y\u0131ld\u0131rak, okul m\u00fcd\u00fcrleri, \u00f6\u011fretmenler, \u00f6\u011frenciler ve veliler kat\u0131ld\u0131. Program kapsam\u0131nda a\u00e7\u0131lan serginin a\u00e7\u0131l\u0131\u015f\u0131n\u0131 Sar\u0131g\u00f6l Kaymakam\u0131 Halil Dalak yapt\u0131&#8230;.<\/p>\n","protected":false},"author":1,"featured_media":31825,"comment_status":"open","ping_status":"open","sticky":false,"template":"","format":"standard","meta":{"_crdt_document":"","footnotes":""},"categories":[1],"tags":[],"class_list":["post-31824","post","type-post","status-publish","format-standard","has-post-thumbnail","hentry","category-guncel"],"_links":{"self":[{"href":"https:\/\/www.egemtv.com\/index.php?rest_route=\/wp\/v2\/posts\/31824","targetHints":{"allow":["GET"]}}],"collection":[{"href":"https:\/\/www.egemtv.com\/index.php?rest_route=\/wp\/v2\/posts"}],"about":[{"href":"https:\/\/www.egemtv.com\/index.php?rest_route=\/wp\/v2\/types\/post"}],"author":[{"embeddable":true,"href":"https:\/\/www.egemtv.com\/index.php?rest_route=\/wp\/v2\/users\/1"}],"replies":[{"embeddable":true,"href":"https:\/\/www.egemtv.com\/index.php?rest_route=%2Fwp%2Fv2%2Fcomments&post=31824"}],"version-history":[{"count":1,"href":"https:\/\/www.egemtv.com\/index.php?rest_route=\/wp\/v2\/posts\/31824\/revisions"}],"predecessor-version":[{"id":31826,"href":"https:\/\/www.egemtv.com\/index.php?rest_route=\/wp\/v2\/posts\/31824\/revisions\/31826"}],"wp:featuredmedia":[{"embeddable":true,"href":"https:\/\/www.egemtv.com\/index.php?rest_route=\/wp\/v2\/media\/31825"}],"wp:attachment":[{"href":"https:\/\/www.egemtv.com\/index.php?rest_route=%2Fwp%2Fv2%2Fmedia&parent=31824"}],"wp:term":[{"taxonomy":"category","embeddable":true,"href":"https:\/\/www.egemtv.com\/index.php?rest_route=%2Fwp%2Fv2%2Fcategories&post=31824"},{"taxonomy":"post_tag","embeddable":true,"href":"https:\/\/www.egemtv.com\/index.php?rest_route=%2Fwp%2Fv2%2Ftags&post=31824"}],"curies":[{"name":"wp","href":"https:\/\/api.w.org\/{rel}","templated":true}]}}