{"id":31821,"date":"2025-05-28T08:15:12","date_gmt":"2025-05-28T05:15:12","guid":{"rendered":"https:\/\/www.egemtv.com\/?p=31821"},"modified":"2025-05-28T08:15:16","modified_gmt":"2025-05-28T05:15:16","slug":"ogrencilere-kene-ve-kkka-bilgilendirmesi","status":"publish","type":"post","link":"https:\/\/www.egemtv.com\/?p=31821","title":{"rendered":"\u00d6\u011frencilere kene ve KKKA bilgilendirmesi"},"content":{"rendered":"<p>Manisa\u2019n\u0131n Selendi il\u00e7esinde Toplum Sa\u011fl\u0131\u011f\u0131 Merkezi (TSM) personeli, P\u0131narlar \u015eehit Savc\u0131 Ethem Ekim \u0130lk\u00f6\u011fretim Kurumu \u00f6\u011frencilerine y\u00f6nelik K\u0131r\u0131m Kongo Kanamal\u0131 Ate\u015fi (KKKA) hakk\u0131nda bilgilendirme sunumu ger\u00e7ekle\u015ftirdi.<br \/>\n<br \/>Selendi TSM personeli taraf\u0131ndan yap\u0131lan sunumda, havalar\u0131n \u0131s\u0131nmas\u0131yla birlikte art\u0131\u015f g\u00f6sterebilecek kene vakalar\u0131na kar\u015f\u0131 al\u0131nmas\u0131 gereken \u00f6nlemler \u00f6\u011frencilere detayl\u0131 \u015fekilde aktar\u0131ld\u0131. E\u011fitim kapsam\u0131nda \u00f6\u011frencilere bilgilendirici bro\u015f\u00fcrler de da\u011f\u0131t\u0131ld\u0131.<br \/>\n<br \/>Sunumda, KKKA hastal\u0131\u011f\u0131, bula\u015fma yollar\u0131, belirtileri ve korunma y\u00f6ntemleri hakk\u0131nda kapsaml\u0131 bilgi verilirken, \u00f6\u011frencilerin sorular\u0131 da yan\u0131tland\u0131. Etkinli\u011fin sonunda TSM personeli, kat\u0131l\u0131m sa\u011flayan \u00f6\u011frencilere te\u015fekk\u00fcr etti.<br \/><\/p>\n","protected":false},"excerpt":{"rendered":"<p>Manisa\u2019n\u0131n Selendi il\u00e7esinde Toplum Sa\u011fl\u0131\u011f\u0131 Merkezi (TSM) personeli, P\u0131narlar \u015eehit Savc\u0131 Ethem Ekim \u0130lk\u00f6\u011fretim Kurumu \u00f6\u011frencilerine y\u00f6nelik K\u0131r\u0131m Kongo Kanamal\u0131 Ate\u015fi (KKKA) hakk\u0131nda bilgilendirme sunumu ger\u00e7ekle\u015ftirdi. Selendi TSM personeli taraf\u0131ndan yap\u0131lan sunumda, havalar\u0131n \u0131s\u0131nmas\u0131yla birlikte art\u0131\u015f g\u00f6sterebilecek kene vakalar\u0131na kar\u015f\u0131 al\u0131nmas\u0131 gereken \u00f6nlemler \u00f6\u011frencilere detayl\u0131 \u015fekilde aktar\u0131ld\u0131. E\u011fitim kapsam\u0131nda \u00f6\u011frencilere bilgilendirici bro\u015f\u00fcrler de da\u011f\u0131t\u0131ld\u0131. Sunumda,&#8230;<\/p>\n","protected":false},"author":1,"featured_media":31822,"comment_status":"open","ping_status":"open","sticky":false,"template":"","format":"standard","meta":{"_crdt_document":"","footnotes":""},"categories":[2],"tags":[],"class_list":["post-31821","post","type-post","status-publish","format-standard","has-post-thumbnail","hentry","category-saglik"],"_links":{"self":[{"href":"https:\/\/www.egemtv.com\/index.php?rest_route=\/wp\/v2\/posts\/31821","targetHints":{"allow":["GET"]}}],"collection":[{"href":"https:\/\/www.egemtv.com\/index.php?rest_route=\/wp\/v2\/posts"}],"about":[{"href":"https:\/\/www.egemtv.com\/index.php?rest_route=\/wp\/v2\/types\/post"}],"author":[{"embeddable":true,"href":"https:\/\/www.egemtv.com\/index.php?rest_route=\/wp\/v2\/users\/1"}],"replies":[{"embeddable":true,"href":"https:\/\/www.egemtv.com\/index.php?rest_route=%2Fwp%2Fv2%2Fcomments&post=31821"}],"version-history":[{"count":1,"href":"https:\/\/www.egemtv.com\/index.php?rest_route=\/wp\/v2\/posts\/31821\/revisions"}],"predecessor-version":[{"id":31823,"href":"https:\/\/www.egemtv.com\/index.php?rest_route=\/wp\/v2\/posts\/31821\/revisions\/31823"}],"wp:featuredmedia":[{"embeddable":true,"href":"https:\/\/www.egemtv.com\/index.php?rest_route=\/wp\/v2\/media\/31822"}],"wp:attachment":[{"href":"https:\/\/www.egemtv.com\/index.php?rest_route=%2Fwp%2Fv2%2Fmedia&parent=31821"}],"wp:term":[{"taxonomy":"category","embeddable":true,"href":"https:\/\/www.egemtv.com\/index.php?rest_route=%2Fwp%2Fv2%2Fcategories&post=31821"},{"taxonomy":"post_tag","embeddable":true,"href":"https:\/\/www.egemtv.com\/index.php?rest_route=%2Fwp%2Fv2%2Ftags&post=31821"}],"curies":[{"name":"wp","href":"https:\/\/api.w.org\/{rel}","templated":true}]}}