{"id":31779,"date":"2025-05-27T17:36:47","date_gmt":"2025-05-27T14:36:47","guid":{"rendered":"https:\/\/www.egemtv.com\/?p=31779"},"modified":"2025-05-27T17:36:52","modified_gmt":"2025-05-27T14:36:52","slug":"guvercinadada-deniz-dibinden-1-5-ton-atik-cikarildi","status":"publish","type":"post","link":"https:\/\/www.egemtv.com\/?p=31779","title":{"rendered":"G\u00fcvercinada\u2019da deniz dibinden 1.5 ton at\u0131k \u00e7\u0131kar\u0131ld\u0131"},"content":{"rendered":"<p>\u00c7evre Haftas\u0131 Etkinlikleri kapsam\u0131nda Ku\u015fadas\u0131 G\u00fcvercinada a\u00e7\u0131klar\u0131nda deniz dibi temizli\u011fi ger\u00e7ekle\u015ftirilirken, deniz dibinde 1.5 ton at\u0131k \u00e7\u0131kar\u0131ld\u0131.<br \/>\n<br \/>Kaymakam \u0130brahim Keklik, Ayd\u0131n \u00c7evre \u015eehircilik ve \u0130klim De\u011fi\u015fikli\u011fi \u0130l M\u00fcd\u00fcr\u00fc Halit Ergin ile \u00e7e\u015fitli kurumlar\u0131n kat\u0131l\u0131m sa\u011flad\u0131\u011f\u0131 etkinlikte, Sahil G\u00fcvenlik Karakol Komutanl\u0131\u011f\u0131\u2019na ba\u011fl\u0131 8 dalg\u0131\u00e7 ve Ayd\u0131n \u0130tfaiye Daire Ba\u015fkanl\u0131\u011f\u0131\u2019ndan 4 dalg\u0131\u00e7 g\u00f6rev ald\u0131.<br \/>\n<br \/>Yakla\u015f\u0131k iki saat s\u00fcren temizlik \u00e7al\u0131\u015fmas\u0131nda deniz dibinden 1.500 kilogram at\u0131k \u00e7\u0131kar\u0131ld\u0131. Plastik, cam, metal ve \u00e7e\u015fitli evsel at\u0131klardan olu\u015fan \u00e7\u00f6pler, ekipler taraf\u0131ndan teknelere al\u0131narak karaya ta\u015f\u0131nd\u0131.<br \/>\n<br \/>Yetkililer, denizlerin korunmas\u0131n\u0131n yaln\u0131zca kurumlar\u0131n de\u011fil, t\u00fcm vatanda\u015flar\u0131n sorumlulu\u011fu oldu\u011funu vurgulayarak, \u00e7evre bilincinin art\u0131r\u0131lmas\u0131 i\u00e7in benzer etkinliklerin devam edece\u011fini belirtti.<br \/>\n<br \/>Etkinlik, \u00e7evre kirlili\u011fine kar\u015f\u0131 toplumsal duyarl\u0131l\u0131\u011f\u0131 art\u0131rma amac\u0131yla d\u00fczenlendi.<br \/><\/p>\n","protected":false},"excerpt":{"rendered":"<p>\u00c7evre Haftas\u0131 Etkinlikleri kapsam\u0131nda Ku\u015fadas\u0131 G\u00fcvercinada a\u00e7\u0131klar\u0131nda deniz dibi temizli\u011fi ger\u00e7ekle\u015ftirilirken, deniz dibinde 1.5 ton at\u0131k \u00e7\u0131kar\u0131ld\u0131. Kaymakam \u0130brahim Keklik, Ayd\u0131n \u00c7evre \u015eehircilik ve \u0130klim De\u011fi\u015fikli\u011fi \u0130l M\u00fcd\u00fcr\u00fc Halit Ergin ile \u00e7e\u015fitli kurumlar\u0131n kat\u0131l\u0131m sa\u011flad\u0131\u011f\u0131 etkinlikte, Sahil G\u00fcvenlik Karakol Komutanl\u0131\u011f\u0131\u2019na ba\u011fl\u0131 8 dalg\u0131\u00e7 ve Ayd\u0131n \u0130tfaiye Daire Ba\u015fkanl\u0131\u011f\u0131\u2019ndan 4 dalg\u0131\u00e7 g\u00f6rev ald\u0131. Yakla\u015f\u0131k iki saat&#8230;<\/p>\n","protected":false},"author":1,"featured_media":31780,"comment_status":"open","ping_status":"open","sticky":false,"template":"","format":"standard","meta":{"_crdt_document":"","footnotes":""},"categories":[1],"tags":[],"class_list":["post-31779","post","type-post","status-publish","format-standard","has-post-thumbnail","hentry","category-guncel"],"_links":{"self":[{"href":"https:\/\/www.egemtv.com\/index.php?rest_route=\/wp\/v2\/posts\/31779","targetHints":{"allow":["GET"]}}],"collection":[{"href":"https:\/\/www.egemtv.com\/index.php?rest_route=\/wp\/v2\/posts"}],"about":[{"href":"https:\/\/www.egemtv.com\/index.php?rest_route=\/wp\/v2\/types\/post"}],"author":[{"embeddable":true,"href":"https:\/\/www.egemtv.com\/index.php?rest_route=\/wp\/v2\/users\/1"}],"replies":[{"embeddable":true,"href":"https:\/\/www.egemtv.com\/index.php?rest_route=%2Fwp%2Fv2%2Fcomments&post=31779"}],"version-history":[{"count":1,"href":"https:\/\/www.egemtv.com\/index.php?rest_route=\/wp\/v2\/posts\/31779\/revisions"}],"predecessor-version":[{"id":31781,"href":"https:\/\/www.egemtv.com\/index.php?rest_route=\/wp\/v2\/posts\/31779\/revisions\/31781"}],"wp:featuredmedia":[{"embeddable":true,"href":"https:\/\/www.egemtv.com\/index.php?rest_route=\/wp\/v2\/media\/31780"}],"wp:attachment":[{"href":"https:\/\/www.egemtv.com\/index.php?rest_route=%2Fwp%2Fv2%2Fmedia&parent=31779"}],"wp:term":[{"taxonomy":"category","embeddable":true,"href":"https:\/\/www.egemtv.com\/index.php?rest_route=%2Fwp%2Fv2%2Fcategories&post=31779"},{"taxonomy":"post_tag","embeddable":true,"href":"https:\/\/www.egemtv.com\/index.php?rest_route=%2Fwp%2Fv2%2Ftags&post=31779"}],"curies":[{"name":"wp","href":"https:\/\/api.w.org\/{rel}","templated":true}]}}