{"id":31776,"date":"2025-05-27T17:36:38","date_gmt":"2025-05-27T14:36:38","guid":{"rendered":"https:\/\/www.egemtv.com\/?p=31776"},"modified":"2025-05-27T17:36:47","modified_gmt":"2025-05-27T14:36:47","slug":"muhsin-yasar-galatasarayla-anlasti","status":"publish","type":"post","link":"https:\/\/www.egemtv.com\/?p=31776","title":{"rendered":"Muhsin Ya\u015far, Galatasaray\u2019la anla\u015ft\u0131"},"content":{"rendered":"<p>Kar\u015f\u0131yaka Basketbol\u2019un 29 ya\u015f\u0131ndaki pivot oyuncusu Muhsin Ya\u015far\u2019\u0131n, Galatasaray\u2019la her konuda anla\u015fmaya vard\u0131\u011f\u0131 \u00f6\u011frenildi.<br \/>\n<br \/>Basketbol S\u00fcper Ligi\u2019nde sezonun ikinci b\u00f6l\u00fcm\u00fcnde ald\u0131\u011f\u0131 sonu\u00e7larla d\u00fc\u015fme tehlikesi ya\u015fayan fakat son haftalardaki galibiyetlerle lige tutunan Kar\u015f\u0131yaka Basketbol, ma\u00e7lar\u0131n tamamlanmas\u0131n\u0131n ard\u0131ndan kadro planlamas\u0131n\u0131 yapmaya ba\u015flad\u0131. \u0130zmir ekibinde ilk ayr\u0131l\u0131k da ger\u00e7ekle\u015fti. Ye\u015fil-k\u0131rm\u0131z\u0131l\u0131lar\u0131n 29 ya\u015f\u0131ndaki pivot oyuncusu Muhsin Ya\u015far\u2019\u0131n, Galatasaray\u2019la her konuda anla\u015fmaya vard\u0131\u011f\u0131 \u00f6\u011frenildi. Sar\u0131-k\u0131rm\u0131z\u0131l\u0131lar\u0131n da Muhsin Ya\u015far\u2019\u0131 a\u00e7\u0131klamak i\u00e7in sezonun bitimini bekleyebilece\u011fi belirtildi.<\/p>\n<p>Kar\u015f\u0131yaka\u2019da bu sezon 35 ma\u00e7a \u00e7\u0131kt\u0131<br \/>\n<br \/>Muhsin Ya\u015far, Kar\u015f\u0131yaka formas\u0131 ile Basketbol S\u00fcper Ligi\u2019nde 27 m\u00fcsabakada ter d\u00f6kt\u00fc. Deneyimli oyuncu, 14.4 say\u0131, 5.0 ribaund, 1.3 asist, 0.5 top \u00e7alma ve 0.7 asist yapma ba\u015far\u0131s\u0131 g\u00f6sterdi. 29 ya\u015f\u0131ndaki basketbolcu, Basketbol \u015eampiyonlar Ligi\u2019nde de 8 m\u00fccadelede forma giydi ve 7.1 say\u0131, 4.5 ribaund, 1.3 asist, 0.9 top \u00e7alma ile 0.9 blok ortalamalar\u0131yla oynad\u0131.<br \/><\/p>\n","protected":false},"excerpt":{"rendered":"<p>Kar\u015f\u0131yaka Basketbol\u2019un 29 ya\u015f\u0131ndaki pivot oyuncusu Muhsin Ya\u015far\u2019\u0131n, Galatasaray\u2019la her konuda anla\u015fmaya vard\u0131\u011f\u0131 \u00f6\u011frenildi. Basketbol S\u00fcper Ligi\u2019nde sezonun ikinci b\u00f6l\u00fcm\u00fcnde ald\u0131\u011f\u0131 sonu\u00e7larla d\u00fc\u015fme tehlikesi ya\u015fayan fakat son haftalardaki galibiyetlerle lige tutunan Kar\u015f\u0131yaka Basketbol, ma\u00e7lar\u0131n tamamlanmas\u0131n\u0131n ard\u0131ndan kadro planlamas\u0131n\u0131 yapmaya ba\u015flad\u0131. \u0130zmir ekibinde ilk ayr\u0131l\u0131k da ger\u00e7ekle\u015fti. Ye\u015fil-k\u0131rm\u0131z\u0131l\u0131lar\u0131n 29 ya\u015f\u0131ndaki pivot oyuncusu Muhsin Ya\u015far\u2019\u0131n, Galatasaray\u2019la her&#8230;<\/p>\n","protected":false},"author":1,"featured_media":31777,"comment_status":"open","ping_status":"open","sticky":false,"template":"","format":"standard","meta":{"_crdt_document":"","footnotes":""},"categories":[4],"tags":[],"class_list":["post-31776","post","type-post","status-publish","format-standard","has-post-thumbnail","hentry","category-spor"],"_links":{"self":[{"href":"https:\/\/www.egemtv.com\/index.php?rest_route=\/wp\/v2\/posts\/31776","targetHints":{"allow":["GET"]}}],"collection":[{"href":"https:\/\/www.egemtv.com\/index.php?rest_route=\/wp\/v2\/posts"}],"about":[{"href":"https:\/\/www.egemtv.com\/index.php?rest_route=\/wp\/v2\/types\/post"}],"author":[{"embeddable":true,"href":"https:\/\/www.egemtv.com\/index.php?rest_route=\/wp\/v2\/users\/1"}],"replies":[{"embeddable":true,"href":"https:\/\/www.egemtv.com\/index.php?rest_route=%2Fwp%2Fv2%2Fcomments&post=31776"}],"version-history":[{"count":1,"href":"https:\/\/www.egemtv.com\/index.php?rest_route=\/wp\/v2\/posts\/31776\/revisions"}],"predecessor-version":[{"id":31778,"href":"https:\/\/www.egemtv.com\/index.php?rest_route=\/wp\/v2\/posts\/31776\/revisions\/31778"}],"wp:featuredmedia":[{"embeddable":true,"href":"https:\/\/www.egemtv.com\/index.php?rest_route=\/wp\/v2\/media\/31777"}],"wp:attachment":[{"href":"https:\/\/www.egemtv.com\/index.php?rest_route=%2Fwp%2Fv2%2Fmedia&parent=31776"}],"wp:term":[{"taxonomy":"category","embeddable":true,"href":"https:\/\/www.egemtv.com\/index.php?rest_route=%2Fwp%2Fv2%2Fcategories&post=31776"},{"taxonomy":"post_tag","embeddable":true,"href":"https:\/\/www.egemtv.com\/index.php?rest_route=%2Fwp%2Fv2%2Ftags&post=31776"}],"curies":[{"name":"wp","href":"https:\/\/api.w.org\/{rel}","templated":true}]}}