{"id":31773,"date":"2025-05-27T16:36:52","date_gmt":"2025-05-27T13:36:52","guid":{"rendered":"https:\/\/www.egemtv.com\/?p=31773"},"modified":"2025-05-27T16:36:57","modified_gmt":"2025-05-27T13:36:57","slug":"aliagaspor-fknin-namaglup-sampiyon-belgeseli-yayinlandi","status":"publish","type":"post","link":"https:\/\/www.egemtv.com\/?p=31773","title":{"rendered":"Alia\u011faspor FK\u2019n\u0131n &#8220;Nama\u011flup \u015eampiyon&#8221; belgeseli yay\u0131nland\u0131"},"content":{"rendered":"<p>Alia\u011faspor FK, 2024-2025 sezonunda \u00f6nemli bir ba\u015far\u0131ya imza atarak TFF 3. Lig\u2019i nama\u011flup \u015fampiyon tamamlad\u0131 ve tarihinde ilk kez 2. Lig\u2019e y\u00fckseldi. Amat\u00f6r liglerden ba\u015flay\u0131p profesyonel liglere uzanan bu yolculu\u011fun t\u00fcm detaylar\u0131n\u0131n yer ald\u0131\u011f\u0131 &#8220;Nama\u011flup \u015eampiyon&#8221; adl\u0131 belgesel Alia\u011faspor FK\u2019n\u0131n sosyal medya hesaplar\u0131ndan payla\u015f\u0131larak izleyicilerle bulu\u015ftu.<br \/>\n<br \/>TFF 3. Lig\u2019de sezonu nama\u011flup \u015fampiyon tamamlayarak tarihinde ilk kez 2. Lig\u2019e y\u00fckselen Alia\u011faspor FK i\u00e7in haz\u0131rlanan &#8220;Nama\u011flup \u015eampiyon&#8221; adl\u0131 belgesel yay\u0131nland\u0131. Belgeselde, Alia\u011fa Belediye Ba\u015fkan\u0131 Serkan Acar, Alia\u011faspor FK Teknik Sorumlusu Polat \u00c7etin, Alia\u011fal\u0131lar Taraftar Derne\u011fi Ba\u015fkan\u0131 Ahmet Kuyumcu ile futbolcular Mehmet Uysal, Fuat G\u00f6lba\u015f\u0131, Oktay Kanc\u0131, Ahmet Pekg\u00f6z, Berk Ali Nizam ve Necati \u00d6zdemir yer ald\u0131. Teknik Sorumlu Polat \u00c7etin ve futbolcular, \u015fampiyon olacaklar\u0131na her zaman inand\u0131klar\u0131n\u0131 vurgularken, Alia\u011fal\u0131lar Taraftar Derne\u011fi Ba\u015fkan\u0131 Ahmet Kuyumcu da taraftarlar olarak tak\u0131m\u0131n her zaman yan\u0131nda olduklar\u0131n\u0131 ifade etti.<br \/>\n<br \/>Alia\u011fa Belediye Ba\u015fkan\u0131 Serkan Acar, belgeselde Alia\u011faspor FK\u2019n\u0131n amat\u00f6r liglerden ba\u015flayarak 2. Lig\u2019e uzanan ser\u00fcvenini anlatt\u0131 ve bu s\u00fcre\u00e7te ya\u015fanan duygusal anlar\u0131 payla\u015ft\u0131.<br \/><\/p>\n","protected":false},"excerpt":{"rendered":"<p>Alia\u011faspor FK, 2024-2025 sezonunda \u00f6nemli bir ba\u015far\u0131ya imza atarak TFF 3. Lig\u2019i nama\u011flup \u015fampiyon tamamlad\u0131 ve tarihinde ilk kez 2. Lig\u2019e y\u00fckseldi. Amat\u00f6r liglerden ba\u015flay\u0131p profesyonel liglere uzanan bu yolculu\u011fun t\u00fcm detaylar\u0131n\u0131n yer ald\u0131\u011f\u0131 &#8220;Nama\u011flup \u015eampiyon&#8221; adl\u0131 belgesel Alia\u011faspor FK\u2019n\u0131n sosyal medya hesaplar\u0131ndan payla\u015f\u0131larak izleyicilerle bulu\u015ftu. TFF 3. Lig\u2019de sezonu nama\u011flup \u015fampiyon tamamlayarak tarihinde ilk&#8230;<\/p>\n","protected":false},"author":1,"featured_media":31774,"comment_status":"open","ping_status":"open","sticky":false,"template":"","format":"standard","meta":{"_crdt_document":"","footnotes":""},"categories":[4],"tags":[],"class_list":["post-31773","post","type-post","status-publish","format-standard","has-post-thumbnail","hentry","category-spor"],"_links":{"self":[{"href":"https:\/\/www.egemtv.com\/index.php?rest_route=\/wp\/v2\/posts\/31773","targetHints":{"allow":["GET"]}}],"collection":[{"href":"https:\/\/www.egemtv.com\/index.php?rest_route=\/wp\/v2\/posts"}],"about":[{"href":"https:\/\/www.egemtv.com\/index.php?rest_route=\/wp\/v2\/types\/post"}],"author":[{"embeddable":true,"href":"https:\/\/www.egemtv.com\/index.php?rest_route=\/wp\/v2\/users\/1"}],"replies":[{"embeddable":true,"href":"https:\/\/www.egemtv.com\/index.php?rest_route=%2Fwp%2Fv2%2Fcomments&post=31773"}],"version-history":[{"count":1,"href":"https:\/\/www.egemtv.com\/index.php?rest_route=\/wp\/v2\/posts\/31773\/revisions"}],"predecessor-version":[{"id":31775,"href":"https:\/\/www.egemtv.com\/index.php?rest_route=\/wp\/v2\/posts\/31773\/revisions\/31775"}],"wp:featuredmedia":[{"embeddable":true,"href":"https:\/\/www.egemtv.com\/index.php?rest_route=\/wp\/v2\/media\/31774"}],"wp:attachment":[{"href":"https:\/\/www.egemtv.com\/index.php?rest_route=%2Fwp%2Fv2%2Fmedia&parent=31773"}],"wp:term":[{"taxonomy":"category","embeddable":true,"href":"https:\/\/www.egemtv.com\/index.php?rest_route=%2Fwp%2Fv2%2Fcategories&post=31773"},{"taxonomy":"post_tag","embeddable":true,"href":"https:\/\/www.egemtv.com\/index.php?rest_route=%2Fwp%2Fv2%2Ftags&post=31773"}],"curies":[{"name":"wp","href":"https:\/\/api.w.org\/{rel}","templated":true}]}}