{"id":31767,"date":"2025-05-27T16:36:40","date_gmt":"2025-05-27T13:36:40","guid":{"rendered":"https:\/\/www.egemtv.com\/?p=31767"},"modified":"2025-05-27T16:36:46","modified_gmt":"2025-05-27T13:36:46","slug":"kent-konseyinden-baskan-ercana-tesekkur","status":"publish","type":"post","link":"https:\/\/www.egemtv.com\/?p=31767","title":{"rendered":"Kent Konseyinden Ba\u015fkan Ercan\u2019a te\u015fekk\u00fcr"},"content":{"rendered":"<p>Yenipazar Kent Konseyi Ba\u015fkan\u0131 Elif Meryem Yurdakul \u015eipal, Kad\u0131n Meclis Ba\u015fkan\u0131, Kad\u0131n Meclisi Y\u00fcr\u00fctme Kurulu \u00dcyeleri, Sa\u011fl\u0131kl\u0131 Ya\u015fam Merkezi\u2019ni hayata ge\u00e7irmesi sebebiyle Yenipazar Belediye ba\u015fkan\u0131 Malik Ercan\u2019a te\u015fekk\u00fcr ziyaretinde bulundular.<\/p>\n<p>Yenipazar Kent Konseyi Y\u00fcr\u00fctme Kurulu toplant\u0131s\u0131nda al\u0131nan karar\u0131n Belediye Meclisinde g\u00f6r\u00fc\u015f\u00fclmesi sonucu il\u00e7ede ya\u015fayan kad\u0131nlar i\u00e7in spor alan\u0131 olu\u015fturuldu.  Yenipazar Belediye Ba\u015fkan\u0131 Malik Ercan\u2019\u0131n giri\u015fimleri neticesinde yap\u0131m\u0131 biten Yenipazar Belediyesi Sa\u011fl\u0131kl\u0131 Ya\u015fam Merkezi kad\u0131nlar\u0131n hizmetine sunuldu. Bir spor e\u011fitmeni ile il\u00e7ede ya\u015fayan kad\u0131nlar sa\u011fl\u0131kl\u0131 ya\u015fam i\u00e7in faaliyetlerine devam ediyor. Bu meyanda Yenipazar Kent Konseyi\u2019nin talebini yerine getiren Belediye Ba\u015fkan\u0131 Malik Ercan\u2019a te\u015fekk\u00fcrlerini iletti.<\/p>\n<p>Yenipazar Kent Konseyi Kas\u0131m ay\u0131nda ger\u00e7ekle\u015ftirilen Y\u00fcr\u00fctme Kurulu Toplant\u0131s\u0131\u2019nda kad\u0131nlar\u0131n spor yapabilmesi i\u00e7in kararlar al\u0131nm\u0131\u015ft\u0131. Ba\u015fkan Ercan\u2019\u0131n gayretleri sonucunda 5 ayda tamamlanan Sa\u011fl\u0131kl\u0131 Ya\u015fam Merkezi hizmete ba\u015flad\u0131. Merkezde bir spor e\u011fitmeni ile il\u00e7ede ya\u015fayan kad\u0131nlar faaliyet yapmaya ba\u015flad\u0131.<br \/><\/p>\n","protected":false},"excerpt":{"rendered":"<p>Yenipazar Kent Konseyi Ba\u015fkan\u0131 Elif Meryem Yurdakul \u015eipal, Kad\u0131n Meclis Ba\u015fkan\u0131, Kad\u0131n Meclisi Y\u00fcr\u00fctme Kurulu \u00dcyeleri, Sa\u011fl\u0131kl\u0131 Ya\u015fam Merkezi\u2019ni hayata ge\u00e7irmesi sebebiyle Yenipazar Belediye ba\u015fkan\u0131 Malik Ercan\u2019a te\u015fekk\u00fcr ziyaretinde bulundular. Yenipazar Kent Konseyi Y\u00fcr\u00fctme Kurulu toplant\u0131s\u0131nda al\u0131nan karar\u0131n Belediye Meclisinde g\u00f6r\u00fc\u015f\u00fclmesi sonucu il\u00e7ede ya\u015fayan kad\u0131nlar i\u00e7in spor alan\u0131 olu\u015fturuldu. Yenipazar Belediye Ba\u015fkan\u0131 Malik Ercan\u2019\u0131n giri\u015fimleri&#8230;<\/p>\n","protected":false},"author":1,"featured_media":31768,"comment_status":"open","ping_status":"open","sticky":false,"template":"","format":"standard","meta":{"_crdt_document":"","footnotes":""},"categories":[1],"tags":[],"class_list":["post-31767","post","type-post","status-publish","format-standard","has-post-thumbnail","hentry","category-guncel"],"_links":{"self":[{"href":"https:\/\/www.egemtv.com\/index.php?rest_route=\/wp\/v2\/posts\/31767","targetHints":{"allow":["GET"]}}],"collection":[{"href":"https:\/\/www.egemtv.com\/index.php?rest_route=\/wp\/v2\/posts"}],"about":[{"href":"https:\/\/www.egemtv.com\/index.php?rest_route=\/wp\/v2\/types\/post"}],"author":[{"embeddable":true,"href":"https:\/\/www.egemtv.com\/index.php?rest_route=\/wp\/v2\/users\/1"}],"replies":[{"embeddable":true,"href":"https:\/\/www.egemtv.com\/index.php?rest_route=%2Fwp%2Fv2%2Fcomments&post=31767"}],"version-history":[{"count":1,"href":"https:\/\/www.egemtv.com\/index.php?rest_route=\/wp\/v2\/posts\/31767\/revisions"}],"predecessor-version":[{"id":31769,"href":"https:\/\/www.egemtv.com\/index.php?rest_route=\/wp\/v2\/posts\/31767\/revisions\/31769"}],"wp:featuredmedia":[{"embeddable":true,"href":"https:\/\/www.egemtv.com\/index.php?rest_route=\/wp\/v2\/media\/31768"}],"wp:attachment":[{"href":"https:\/\/www.egemtv.com\/index.php?rest_route=%2Fwp%2Fv2%2Fmedia&parent=31767"}],"wp:term":[{"taxonomy":"category","embeddable":true,"href":"https:\/\/www.egemtv.com\/index.php?rest_route=%2Fwp%2Fv2%2Fcategories&post=31767"},{"taxonomy":"post_tag","embeddable":true,"href":"https:\/\/www.egemtv.com\/index.php?rest_route=%2Fwp%2Fv2%2Ftags&post=31767"}],"curies":[{"name":"wp","href":"https:\/\/api.w.org\/{rel}","templated":true}]}}