{"id":31764,"date":"2025-05-27T16:16:44","date_gmt":"2025-05-27T13:16:44","guid":{"rendered":"https:\/\/www.egemtv.com\/?p=31764"},"modified":"2025-05-27T16:16:53","modified_gmt":"2025-05-27T13:16:53","slug":"aydinda-kom-ekipleri-kacakciliga-gecit-vermedi-8-supheli-yakalandi","status":"publish","type":"post","link":"https:\/\/www.egemtv.com\/?p=31764","title":{"rendered":"Ayd\u0131n\u2019da KOM ekipleri ka\u00e7ak\u00e7\u0131l\u0131\u011fa ge\u00e7it vermedi: 8 \u015f\u00fcpheli yakaland\u0131"},"content":{"rendered":"<p>Ayd\u0131n \u0130l Emniyet M\u00fcd\u00fcrl\u00fc\u011f\u00fc Ka\u00e7ak\u00e7\u0131l\u0131k ve Organize Su\u00e7larla M\u00fccadele (KOM) \u015eube M\u00fcd\u00fcrl\u00fc\u011f\u00fc ekipleri taraf\u0131ndan t\u00fct\u00fcn ve t\u00fct\u00fcn mamulleri ka\u00e7ak\u00e7\u0131l\u0131\u011f\u0131na y\u00f6nelik ger\u00e7ekle\u015ftirilen operasyon kapsam\u0131nda 122 bin 860 adet makaron ele ge\u00e7irilirken 8 \u015f\u00fcpheli yakaland\u0131.<\/p>\n<p>Ayd\u0131n \u0130l Emniyet M\u00fcd\u00fcrl\u00fc\u011f\u00fc KOM \u015eube M\u00fcd\u00fcrl\u00fc\u011f\u00fc ekipleri, ka\u00e7ak\u00e7\u0131l\u0131kla m\u00fccadele kapsam\u0131nda y\u00fcr\u00fctt\u00fckleri \u00e7al\u0131\u015fmalarda ba\u015far\u0131l\u0131 bir operasyona daha imza att\u0131. Edinilen bilgiye g\u00f6re, Cumhuriyet Ba\u015fsavc\u0131l\u0131\u011f\u0131 koordinesinde ba\u015flat\u0131lan 5607 SKM (T\u00fct\u00fcn ve T\u00fct\u00fcn Mamulleri Ka\u00e7ak\u00e7\u0131l\u0131\u011f\u0131) konulu \u00e7al\u0131\u015fmalar kapsam\u0131nda ger\u00e7ekle\u015ftirilen operasyonda; M.K., C.Y., A.Y., H.Y., Z.Y., M.G., S.A. ve F.\u00c7. isimli \u015f\u00fcpheliler yakaland\u0131. Yap\u0131lan aramalarda; 113 bin 460 adet doldurulmu\u015f 9 bin 400 adet de bo\u015f olmak \u00fczere toplamda 122 bin 860 adet makaron, 16 kg nargile t\u00fct\u00fcn\u00fc , 14 kg k\u0131y\u0131lm\u0131\u015f t\u00fct\u00fcn, 1 kg bandrols\u00fcz t\u00fct\u00fcn ile 2 adet sigara sarma makinesine el konuldu. \u015e\u00fcpheliler hakk\u0131nda ise adli tahkikat\u0131n s\u00fcrd\u00fc\u011f\u00fc \u00f6\u011frenildi.<br \/><\/p>\n","protected":false},"excerpt":{"rendered":"<p>Ayd\u0131n \u0130l Emniyet M\u00fcd\u00fcrl\u00fc\u011f\u00fc Ka\u00e7ak\u00e7\u0131l\u0131k ve Organize Su\u00e7larla M\u00fccadele (KOM) \u015eube M\u00fcd\u00fcrl\u00fc\u011f\u00fc ekipleri taraf\u0131ndan t\u00fct\u00fcn ve t\u00fct\u00fcn mamulleri ka\u00e7ak\u00e7\u0131l\u0131\u011f\u0131na y\u00f6nelik ger\u00e7ekle\u015ftirilen operasyon kapsam\u0131nda 122 bin 860 adet makaron ele ge\u00e7irilirken 8 \u015f\u00fcpheli yakaland\u0131. Ayd\u0131n \u0130l Emniyet M\u00fcd\u00fcrl\u00fc\u011f\u00fc KOM \u015eube M\u00fcd\u00fcrl\u00fc\u011f\u00fc ekipleri, ka\u00e7ak\u00e7\u0131l\u0131kla m\u00fccadele kapsam\u0131nda y\u00fcr\u00fctt\u00fckleri \u00e7al\u0131\u015fmalarda ba\u015far\u0131l\u0131 bir operasyona daha imza att\u0131. Edinilen bilgiye g\u00f6re,&#8230;<\/p>\n","protected":false},"author":1,"featured_media":31765,"comment_status":"open","ping_status":"open","sticky":false,"template":"","format":"standard","meta":{"_crdt_document":"","footnotes":""},"categories":[5],"tags":[],"class_list":["post-31764","post","type-post","status-publish","format-standard","has-post-thumbnail","hentry","category-asayis"],"_links":{"self":[{"href":"https:\/\/www.egemtv.com\/index.php?rest_route=\/wp\/v2\/posts\/31764","targetHints":{"allow":["GET"]}}],"collection":[{"href":"https:\/\/www.egemtv.com\/index.php?rest_route=\/wp\/v2\/posts"}],"about":[{"href":"https:\/\/www.egemtv.com\/index.php?rest_route=\/wp\/v2\/types\/post"}],"author":[{"embeddable":true,"href":"https:\/\/www.egemtv.com\/index.php?rest_route=\/wp\/v2\/users\/1"}],"replies":[{"embeddable":true,"href":"https:\/\/www.egemtv.com\/index.php?rest_route=%2Fwp%2Fv2%2Fcomments&post=31764"}],"version-history":[{"count":1,"href":"https:\/\/www.egemtv.com\/index.php?rest_route=\/wp\/v2\/posts\/31764\/revisions"}],"predecessor-version":[{"id":31766,"href":"https:\/\/www.egemtv.com\/index.php?rest_route=\/wp\/v2\/posts\/31764\/revisions\/31766"}],"wp:featuredmedia":[{"embeddable":true,"href":"https:\/\/www.egemtv.com\/index.php?rest_route=\/wp\/v2\/media\/31765"}],"wp:attachment":[{"href":"https:\/\/www.egemtv.com\/index.php?rest_route=%2Fwp%2Fv2%2Fmedia&parent=31764"}],"wp:term":[{"taxonomy":"category","embeddable":true,"href":"https:\/\/www.egemtv.com\/index.php?rest_route=%2Fwp%2Fv2%2Fcategories&post=31764"},{"taxonomy":"post_tag","embeddable":true,"href":"https:\/\/www.egemtv.com\/index.php?rest_route=%2Fwp%2Fv2%2Ftags&post=31764"}],"curies":[{"name":"wp","href":"https:\/\/api.w.org\/{rel}","templated":true}]}}