{"id":31761,"date":"2025-05-27T16:16:35","date_gmt":"2025-05-27T13:16:35","guid":{"rendered":"https:\/\/www.egemtv.com\/?p=31761"},"modified":"2025-05-27T16:16:42","modified_gmt":"2025-05-27T13:16:42","slug":"izmirde-plastik-sandalye-fabrikasinda-yangin","status":"publish","type":"post","link":"https:\/\/www.egemtv.com\/?p=31761","title":{"rendered":"\u0130zmir\u2019de plastik sandalye fabrikas\u0131nda yang\u0131n"},"content":{"rendered":"<p>\u0130zmir\u2019in Torbal\u0131 il\u00e7esinde plastik sandalye imalat\u0131 yap\u0131lan fabrikada yang\u0131n \u00e7\u0131kt\u0131. Dumanlar\u0131n g\u00f6ky\u00fcz\u00fcn\u00fc kaplad\u0131\u011f\u0131 yang\u0131na itfaiyenin m\u00fcdahalesi s\u00fcr\u00fcyor.<br \/>\n<br \/>Torbal\u0131 il\u00e7esi Ayranc\u0131lar\u2019da \u0130n\u00f6n\u00fc Mahallesi\u2019nde bulunan Giysan Sandalye fabrikas\u0131nda bug\u00fcn saat 15.00 s\u0131ralar\u0131nda yang\u0131n \u00e7\u0131kt\u0131. Sebebi hen\u00fcz belirlenemeyen yang\u0131na \u0130zmir ve Torbal\u0131\u2019dan itfaiye ekipleri y\u00f6nlendirildi. Fabrikadan y\u00fckselen siyah dumanlar g\u00f6ky\u00fcz\u00fcn\u00fc sararken, itfaiye ekiplerinin alevleri kontrol alt\u0131na almak i\u00e7in \u00e7al\u0131\u015fmalar\u0131 devam ediyor.<br \/><\/p>\n","protected":false},"excerpt":{"rendered":"<p>\u0130zmir\u2019in Torbal\u0131 il\u00e7esinde plastik sandalye imalat\u0131 yap\u0131lan fabrikada yang\u0131n \u00e7\u0131kt\u0131. Dumanlar\u0131n g\u00f6ky\u00fcz\u00fcn\u00fc kaplad\u0131\u011f\u0131 yang\u0131na itfaiyenin m\u00fcdahalesi s\u00fcr\u00fcyor. Torbal\u0131 il\u00e7esi Ayranc\u0131lar\u2019da \u0130n\u00f6n\u00fc Mahallesi\u2019nde bulunan Giysan Sandalye fabrikas\u0131nda bug\u00fcn saat 15.00 s\u0131ralar\u0131nda yang\u0131n \u00e7\u0131kt\u0131. Sebebi hen\u00fcz belirlenemeyen yang\u0131na \u0130zmir ve Torbal\u0131\u2019dan itfaiye ekipleri y\u00f6nlendirildi. Fabrikadan y\u00fckselen siyah dumanlar g\u00f6ky\u00fcz\u00fcn\u00fc sararken, itfaiye ekiplerinin alevleri kontrol alt\u0131na almak i\u00e7in&#8230;<\/p>\n","protected":false},"author":1,"featured_media":31762,"comment_status":"open","ping_status":"open","sticky":false,"template":"","format":"standard","meta":{"_crdt_document":"","footnotes":""},"categories":[5],"tags":[],"class_list":["post-31761","post","type-post","status-publish","format-standard","has-post-thumbnail","hentry","category-asayis"],"_links":{"self":[{"href":"https:\/\/www.egemtv.com\/index.php?rest_route=\/wp\/v2\/posts\/31761","targetHints":{"allow":["GET"]}}],"collection":[{"href":"https:\/\/www.egemtv.com\/index.php?rest_route=\/wp\/v2\/posts"}],"about":[{"href":"https:\/\/www.egemtv.com\/index.php?rest_route=\/wp\/v2\/types\/post"}],"author":[{"embeddable":true,"href":"https:\/\/www.egemtv.com\/index.php?rest_route=\/wp\/v2\/users\/1"}],"replies":[{"embeddable":true,"href":"https:\/\/www.egemtv.com\/index.php?rest_route=%2Fwp%2Fv2%2Fcomments&post=31761"}],"version-history":[{"count":1,"href":"https:\/\/www.egemtv.com\/index.php?rest_route=\/wp\/v2\/posts\/31761\/revisions"}],"predecessor-version":[{"id":31763,"href":"https:\/\/www.egemtv.com\/index.php?rest_route=\/wp\/v2\/posts\/31761\/revisions\/31763"}],"wp:featuredmedia":[{"embeddable":true,"href":"https:\/\/www.egemtv.com\/index.php?rest_route=\/wp\/v2\/media\/31762"}],"wp:attachment":[{"href":"https:\/\/www.egemtv.com\/index.php?rest_route=%2Fwp%2Fv2%2Fmedia&parent=31761"}],"wp:term":[{"taxonomy":"category","embeddable":true,"href":"https:\/\/www.egemtv.com\/index.php?rest_route=%2Fwp%2Fv2%2Fcategories&post=31761"},{"taxonomy":"post_tag","embeddable":true,"href":"https:\/\/www.egemtv.com\/index.php?rest_route=%2Fwp%2Fv2%2Ftags&post=31761"}],"curies":[{"name":"wp","href":"https:\/\/api.w.org\/{rel}","templated":true}]}}