{"id":31758,"date":"2025-05-27T16:16:25","date_gmt":"2025-05-27T13:16:25","guid":{"rendered":"https:\/\/www.egemtv.com\/?p=31758"},"modified":"2025-05-27T16:16:33","modified_gmt":"2025-05-27T13:16:33","slug":"turgutlunun-yollarinda-calismalar-devam-ediyor","status":"publish","type":"post","link":"https:\/\/www.egemtv.com\/?p=31758","title":{"rendered":"Turgutlu\u2019nun yollar\u0131nda \u00e7al\u0131\u015fmalar devam ediyor"},"content":{"rendered":"<p>Turgutlu Belediye Ba\u015fkan\u0131 \u00c7etin Ak\u0131n, yol yenileme \u00e7al\u0131\u015fmalar\u0131n\u0131n devam etti\u011fi Atat\u00fcrk Mahallesi ile Son Sokakta incelemelerini ger\u00e7ekle\u015ftirdi.<br \/>\n<br \/>Uzun y\u0131llar boyunca yol sorunlar\u0131n\u0131n ya\u015fand\u0131\u011f\u0131 Son Sokak (F\u0131rat Y\u0131lmaz \u00c7ak\u0131ro\u011flu Sokak) ve Atat\u00fcrk Mahallesinde \u00fcstyap\u0131 yenileme \u00e7al\u0131\u015fmalar\u0131 h\u0131zla devam ediyor. Etaplar halinde y\u00fcr\u00fct\u00fclen s\u00f6z konusu \u00e7al\u0131\u015fmalar\u0131n Kurban Bayram\u0131\u2019ndan \u00f6nce tamamlanarak mahalle ve sokak sakinlerinin hizmetine sunulmas\u0131 planlan\u0131yor. E\u015f zamanl\u0131 ger\u00e7ekle\u015ftirilen yenileme \u00e7al\u0131\u015fmalar\u0131n\u0131 yerinde takip eden Ba\u015fkan \u00c7etin Ak\u0131n, ekiplerden bilgi ald\u0131.<br \/>\n<br \/>Ba\u015fkan \u00c7etin Ak\u0131n ayn\u0131 zamanda mahalle sakinleriyle de bir araya gelerek yol yap\u0131m ve yenileme \u00e7al\u0131\u015fmalar\u0131na dair de\u011ferlendirmeler de yapt\u0131. Ba\u015fkan \u00c7etin Ak\u0131n\u2019a incelemeleri s\u0131ras\u0131nda Ba\u015fkan Yard\u0131mc\u0131lar\u0131 H\u00fcseyin Maliz ve Evren Erba\u015f Ser e\u015flik etti.<br \/>\n<br \/>Vatanda\u015flar\u0131 ma\u011fdur eden ve uzun y\u0131llar boyunca g\u00f6z ard\u0131 edilen yol sorunlar\u0131n\u0131n birer birer \u00e7\u00f6z\u00fcld\u00fc\u011f\u00fcn\u00fc belirten Ba\u015fkan \u00c7etin Ak\u0131n, &#8220;Son Sokak ve Atat\u00fcrk Mahallemizde yap\u0131m\u0131 devam eden parke ta\u015f\u0131 d\u00f6\u015feme ve yol yap\u0131m \u00e7al\u0131\u015fmalar\u0131n\u0131 inceledik. H\u0131zla devam eden \u00e7al\u0131\u015fmalar\u0131m\u0131z tamamland\u0131ktan sonra halk\u0131m\u0131z modern yollar\u0131na kavu\u015facak. Her \u015fey Kasabam\u0131z\u0131n g\u00fczel insanlar\u0131 i\u00e7in&#8221; dedi.<br \/><\/p>\n","protected":false},"excerpt":{"rendered":"<p>Turgutlu Belediye Ba\u015fkan\u0131 \u00c7etin Ak\u0131n, yol yenileme \u00e7al\u0131\u015fmalar\u0131n\u0131n devam etti\u011fi Atat\u00fcrk Mahallesi ile Son Sokakta incelemelerini ger\u00e7ekle\u015ftirdi. Uzun y\u0131llar boyunca yol sorunlar\u0131n\u0131n ya\u015fand\u0131\u011f\u0131 Son Sokak (F\u0131rat Y\u0131lmaz \u00c7ak\u0131ro\u011flu Sokak) ve Atat\u00fcrk Mahallesinde \u00fcstyap\u0131 yenileme \u00e7al\u0131\u015fmalar\u0131 h\u0131zla devam ediyor. Etaplar halinde y\u00fcr\u00fct\u00fclen s\u00f6z konusu \u00e7al\u0131\u015fmalar\u0131n Kurban Bayram\u0131\u2019ndan \u00f6nce tamamlanarak mahalle ve sokak sakinlerinin hizmetine sunulmas\u0131 planlan\u0131yor&#8230;.<\/p>\n","protected":false},"author":1,"featured_media":31759,"comment_status":"open","ping_status":"open","sticky":false,"template":"","format":"standard","meta":{"_crdt_document":"","footnotes":""},"categories":[1],"tags":[],"class_list":["post-31758","post","type-post","status-publish","format-standard","has-post-thumbnail","hentry","category-guncel"],"_links":{"self":[{"href":"https:\/\/www.egemtv.com\/index.php?rest_route=\/wp\/v2\/posts\/31758","targetHints":{"allow":["GET"]}}],"collection":[{"href":"https:\/\/www.egemtv.com\/index.php?rest_route=\/wp\/v2\/posts"}],"about":[{"href":"https:\/\/www.egemtv.com\/index.php?rest_route=\/wp\/v2\/types\/post"}],"author":[{"embeddable":true,"href":"https:\/\/www.egemtv.com\/index.php?rest_route=\/wp\/v2\/users\/1"}],"replies":[{"embeddable":true,"href":"https:\/\/www.egemtv.com\/index.php?rest_route=%2Fwp%2Fv2%2Fcomments&post=31758"}],"version-history":[{"count":1,"href":"https:\/\/www.egemtv.com\/index.php?rest_route=\/wp\/v2\/posts\/31758\/revisions"}],"predecessor-version":[{"id":31760,"href":"https:\/\/www.egemtv.com\/index.php?rest_route=\/wp\/v2\/posts\/31758\/revisions\/31760"}],"wp:featuredmedia":[{"embeddable":true,"href":"https:\/\/www.egemtv.com\/index.php?rest_route=\/wp\/v2\/media\/31759"}],"wp:attachment":[{"href":"https:\/\/www.egemtv.com\/index.php?rest_route=%2Fwp%2Fv2%2Fmedia&parent=31758"}],"wp:term":[{"taxonomy":"category","embeddable":true,"href":"https:\/\/www.egemtv.com\/index.php?rest_route=%2Fwp%2Fv2%2Fcategories&post=31758"},{"taxonomy":"post_tag","embeddable":true,"href":"https:\/\/www.egemtv.com\/index.php?rest_route=%2Fwp%2Fv2%2Ftags&post=31758"}],"curies":[{"name":"wp","href":"https:\/\/api.w.org\/{rel}","templated":true}]}}