{"id":31755,"date":"2025-05-27T16:16:15","date_gmt":"2025-05-27T13:16:15","guid":{"rendered":"https:\/\/www.egemtv.com\/?p=31755"},"modified":"2025-05-27T16:16:24","modified_gmt":"2025-05-27T13:16:24","slug":"ulada-icme-suyu-depolari-yenilendi","status":"publish","type":"post","link":"https:\/\/www.egemtv.com\/?p=31755","title":{"rendered":"Ula\u2019da i\u00e7me suyu depolar\u0131 yenilendi"},"content":{"rendered":"<p>Mu\u011fla B\u00fcy\u00fck\u015fehir Belediyesi taraf\u0131ndan Ula\u2019n\u0131n Ye\u015fil\u00e7am, Atak\u00f6y ve Esentepe mahallelerinde eskiyen su depolar\u0131 modern betonarme yap\u0131larla yenilendi. Kay\u0131p-ka\u00e7aklar\u0131n \u00f6n\u00fcne ge\u00e7ilen projede, toplam 450 m kapasiteli i\u00e7me suyu deposu hizmete al\u0131nd\u0131.<br \/>\n<br \/>Mu\u011fla B\u00fcy\u00fck\u015fehir Belediyesi Su ve Kanalizasyon \u0130daresi (MUSK\u0130) taraf\u0131ndan Ula il\u00e7esine ba\u011fl\u0131 Ye\u015fil\u00e7am, Atak\u00f6y ve Esentepe mahallelerinde ba\u015flat\u0131lan i\u00e7me suyu deposu yenileme \u00e7al\u0131\u015fmalar\u0131 tamamland\u0131.<br \/>\n<br \/>7 milyon 600 bin TL\u2019lik yat\u0131r\u0131mla 18 adet mod\u00fcler betonarme i\u00e7me suyu deposu hizmete al\u0131nd\u0131. Eskiyen, ka\u00e7aklara neden olan yap\u0131lar yerine modern ve s\u0131zd\u0131rmaz betonarme yap\u0131larla mahalleler art\u0131k kesintisiz suya kavu\u015ftu.<br \/>\n<br \/>Mu\u011fla B\u00fcy\u00fck\u015fehir Belediye Ba\u015fkan\u0131 Ahmet Aras\u2019\u0131n talimat\u0131yla MUSK\u0130 taraf\u0131ndan 18 Kas\u0131m 2024 tarihinde imzalanan s\u00f6zle\u015fme ile ba\u015flat\u0131lan i\u00e7me suyu deposu yap\u0131m i\u015fi kapsam\u0131nda; Ye\u015fil\u00e7am ve Atak\u00f6y Mahallelerinde her biri 150 metrek\u00fcp kapasiteli iki i\u00e7me suyu deposunun yap\u0131m\u0131na ba\u015fland\u0131. Yat\u0131r\u0131m kapsam\u0131 geni\u015fletilerek Esentepe Mahallesi de projeye dahil edildi. B\u00f6ylece toplam 450 metrek\u00fcpl\u00fck yeni su deposu kapasitesi Ula\u2019ya kazand\u0131r\u0131ld\u0131.<br \/>\n<br \/>Muhtarlar Memnun: &#8220;Ka\u00e7aklar azald\u0131, su bas\u0131nc\u0131 artt\u0131&#8221;<br \/>\n<br \/>Esentepe Mahalle Muhtar\u0131 Nimet Sar\u0131, 90\u2019l\u0131 y\u0131llardan kalma k\u00f6y hizmetlerine ait bir yap\u0131n\u0131n kullan\u0131ld\u0131\u011f\u0131n\u0131 belirterek, &#8220;Eski depomuz art\u0131k hizmet veremiyordu. Bas\u0131n\u00e7 yetersizli\u011finden dolay\u0131 ak\u015famlar\u0131 su s\u0131k\u0131nt\u0131s\u0131 ya\u015f\u0131yorduk. \u015eimdi ise 100 ton olan kapasitemiz 150 tona \u00e7\u0131kar\u0131ld\u0131. Sa\u011fl\u0131kl\u0131 ve temiz suya kavu\u015fmam\u0131zda eme\u011fi ge\u00e7en ba\u015fta Mu\u011fla B\u00fcy\u00fck\u015fehir Belediye Ba\u015fkan\u0131m\u0131z Ahmet Aras olmak \u00fczere, MUSK\u0130 Genel M\u00fcd\u00fcrl\u00fc\u011f\u00fc ve t\u00fcm \u00e7al\u0131\u015fanlara mahallem ad\u0131na te\u015fekk\u00fcr ediyorum&#8221; dedi.<br \/>\n<br \/>Ye\u015fil\u00e7am Mahalle Muhtar\u0131 Ayhan \u00c7\u0131rpanc\u0131 ise 1988 y\u0131l\u0131nda in\u015fa edilen ta\u015f duvarl\u0131 deponun yerine modern bir yap\u0131n\u0131n kazand\u0131r\u0131ld\u0131\u011f\u0131n\u0131 belirterek, &#8220;Kay\u0131p-ka\u00e7ak \u00e7oktu, baz\u0131 y\u00fcksek kesimlere su \u00e7\u0131km\u0131yordu. \u015eimdi hem kapasite artt\u0131 hem de su bas\u0131nc\u0131 sorunu \u00e7\u00f6z\u00fcld\u00fc. MUSK\u0130\u2019nin ilgisinden \u00e7ok memnunuz. Ne zaman arasak h\u0131zl\u0131 geri d\u00f6n\u00fc\u015f al\u0131yoruz.&#8221; ifadelerini kulland\u0131.<br \/>\n<br \/>Atak\u00f6y Mahalle Muhtar\u0131 Cafer \u00d6zcan da benzer bir tabloyu payla\u015ft\u0131. \u00d6zcan, &#8220;30 y\u0131l \u00f6nce yap\u0131lm\u0131\u015f depomuz art\u0131k yetersizdi. Yaz aylar\u0131nda artan n\u00fcfusa hizmet veremiyordu. Yeni depomuz hem kapasite hem de kalite olarak mahallemizin ihtiyac\u0131n\u0131 kar\u015f\u0131l\u0131yor&#8221; dedi.<br \/><\/p>\n","protected":false},"excerpt":{"rendered":"<p>Mu\u011fla B\u00fcy\u00fck\u015fehir Belediyesi taraf\u0131ndan Ula\u2019n\u0131n Ye\u015fil\u00e7am, Atak\u00f6y ve Esentepe mahallelerinde eskiyen su depolar\u0131 modern betonarme yap\u0131larla yenilendi. Kay\u0131p-ka\u00e7aklar\u0131n \u00f6n\u00fcne ge\u00e7ilen projede, toplam 450 m kapasiteli i\u00e7me suyu deposu hizmete al\u0131nd\u0131. Mu\u011fla B\u00fcy\u00fck\u015fehir Belediyesi Su ve Kanalizasyon \u0130daresi (MUSK\u0130) taraf\u0131ndan Ula il\u00e7esine ba\u011fl\u0131 Ye\u015fil\u00e7am, Atak\u00f6y ve Esentepe mahallelerinde ba\u015flat\u0131lan i\u00e7me suyu deposu yenileme \u00e7al\u0131\u015fmalar\u0131 tamamland\u0131. 7&#8230;<\/p>\n","protected":false},"author":1,"featured_media":31756,"comment_status":"open","ping_status":"open","sticky":false,"template":"","format":"standard","meta":{"_crdt_document":"","footnotes":""},"categories":[2],"tags":[],"class_list":["post-31755","post","type-post","status-publish","format-standard","has-post-thumbnail","hentry","category-saglik"],"_links":{"self":[{"href":"https:\/\/www.egemtv.com\/index.php?rest_route=\/wp\/v2\/posts\/31755","targetHints":{"allow":["GET"]}}],"collection":[{"href":"https:\/\/www.egemtv.com\/index.php?rest_route=\/wp\/v2\/posts"}],"about":[{"href":"https:\/\/www.egemtv.com\/index.php?rest_route=\/wp\/v2\/types\/post"}],"author":[{"embeddable":true,"href":"https:\/\/www.egemtv.com\/index.php?rest_route=\/wp\/v2\/users\/1"}],"replies":[{"embeddable":true,"href":"https:\/\/www.egemtv.com\/index.php?rest_route=%2Fwp%2Fv2%2Fcomments&post=31755"}],"version-history":[{"count":1,"href":"https:\/\/www.egemtv.com\/index.php?rest_route=\/wp\/v2\/posts\/31755\/revisions"}],"predecessor-version":[{"id":31757,"href":"https:\/\/www.egemtv.com\/index.php?rest_route=\/wp\/v2\/posts\/31755\/revisions\/31757"}],"wp:featuredmedia":[{"embeddable":true,"href":"https:\/\/www.egemtv.com\/index.php?rest_route=\/wp\/v2\/media\/31756"}],"wp:attachment":[{"href":"https:\/\/www.egemtv.com\/index.php?rest_route=%2Fwp%2Fv2%2Fmedia&parent=31755"}],"wp:term":[{"taxonomy":"category","embeddable":true,"href":"https:\/\/www.egemtv.com\/index.php?rest_route=%2Fwp%2Fv2%2Fcategories&post=31755"},{"taxonomy":"post_tag","embeddable":true,"href":"https:\/\/www.egemtv.com\/index.php?rest_route=%2Fwp%2Fv2%2Ftags&post=31755"}],"curies":[{"name":"wp","href":"https:\/\/api.w.org\/{rel}","templated":true}]}}