{"id":31752,"date":"2025-05-27T15:57:17","date_gmt":"2025-05-27T12:57:17","guid":{"rendered":"https:\/\/www.egemtv.com\/?p=31752"},"modified":"2025-05-27T15:57:24","modified_gmt":"2025-05-27T12:57:24","slug":"marmaristeki-orman-yanginini-sondurme-calismalari-suruyor","status":"publish","type":"post","link":"https:\/\/www.egemtv.com\/?p=31752","title":{"rendered":"Marmaris\u2019teki orman yang\u0131n\u0131n\u0131 s\u00f6nd\u00fcrme \u00e7al\u0131\u015fmalar\u0131 s\u00fcr\u00fcyor"},"content":{"rendered":"<p>Mu\u011fla\u2019n\u0131n Marmaris il\u00e7esinde yerle\u015fim yerlerine yak\u0131n ormanl\u0131k alanda \u00e7\u0131kan yang\u0131na, ekiplerin havadan ve karadan m\u00fcdahalesi devam ediyor.<br \/>\n<br \/>Edinilen bilgiye g\u00f6re, Hisar\u00f6n\u00fc Mahallesi\u2019nde, ilk belirlemelere g\u00f6re bir binan\u0131n \u00e7at\u0131s\u0131nda yap\u0131lan tadilat esnas\u0131nda \u00e7\u0131kan k\u0131v\u0131lc\u0131m\u0131n ormanl\u0131k alana s\u0131\u00e7ramas\u0131 sonucu yang\u0131n \u00e7\u0131kt\u0131. Dumanlar\u0131 fark eden vatanda\u015flar\u0131n ihbar\u0131 \u00fczerine, b\u00f6lgeye orman ve itfaiye ekipleri y\u00f6nlendirildi. Yang\u0131na karadan araz\u00f6z ve su tankerleriyle m\u00fcdahale edilirken, alevlerin yerle\u015fim alanlar\u0131na s\u0131\u00e7ramamas\u0131 i\u00e7in \u00f6nlem al\u0131nd\u0131. Yang\u0131n s\u00f6nd\u00fcrme \u00e7al\u0131\u015fmalar\u0131na 5 araz\u00f6z 2 su ikmal arac\u0131 2 helikopter ve 2 u\u00e7akla havadan m\u00fcdahale edilirken, \u00e7al\u0131\u015fmalara Mu\u011fla B\u00fcy\u00fck\u015fehir belediyesi itfaiye ekipleri, jandarma ve emniyet g\u00fc\u00e7leriyle birlikte g\u00f6n\u00fcll\u00fc vatanda\u015flar da destek veriyor.<br \/><\/p>\n","protected":false},"excerpt":{"rendered":"<p>Mu\u011fla\u2019n\u0131n Marmaris il\u00e7esinde yerle\u015fim yerlerine yak\u0131n ormanl\u0131k alanda \u00e7\u0131kan yang\u0131na, ekiplerin havadan ve karadan m\u00fcdahalesi devam ediyor. Edinilen bilgiye g\u00f6re, Hisar\u00f6n\u00fc Mahallesi\u2019nde, ilk belirlemelere g\u00f6re bir binan\u0131n \u00e7at\u0131s\u0131nda yap\u0131lan tadilat esnas\u0131nda \u00e7\u0131kan k\u0131v\u0131lc\u0131m\u0131n ormanl\u0131k alana s\u0131\u00e7ramas\u0131 sonucu yang\u0131n \u00e7\u0131kt\u0131. Dumanlar\u0131 fark eden vatanda\u015flar\u0131n ihbar\u0131 \u00fczerine, b\u00f6lgeye orman ve itfaiye ekipleri y\u00f6nlendirildi. Yang\u0131na karadan araz\u00f6z ve&#8230;<\/p>\n","protected":false},"author":1,"featured_media":31753,"comment_status":"open","ping_status":"open","sticky":false,"template":"","format":"standard","meta":{"_crdt_document":"","footnotes":""},"categories":[5],"tags":[],"class_list":["post-31752","post","type-post","status-publish","format-standard","has-post-thumbnail","hentry","category-asayis"],"_links":{"self":[{"href":"https:\/\/www.egemtv.com\/index.php?rest_route=\/wp\/v2\/posts\/31752","targetHints":{"allow":["GET"]}}],"collection":[{"href":"https:\/\/www.egemtv.com\/index.php?rest_route=\/wp\/v2\/posts"}],"about":[{"href":"https:\/\/www.egemtv.com\/index.php?rest_route=\/wp\/v2\/types\/post"}],"author":[{"embeddable":true,"href":"https:\/\/www.egemtv.com\/index.php?rest_route=\/wp\/v2\/users\/1"}],"replies":[{"embeddable":true,"href":"https:\/\/www.egemtv.com\/index.php?rest_route=%2Fwp%2Fv2%2Fcomments&post=31752"}],"version-history":[{"count":1,"href":"https:\/\/www.egemtv.com\/index.php?rest_route=\/wp\/v2\/posts\/31752\/revisions"}],"predecessor-version":[{"id":31754,"href":"https:\/\/www.egemtv.com\/index.php?rest_route=\/wp\/v2\/posts\/31752\/revisions\/31754"}],"wp:featuredmedia":[{"embeddable":true,"href":"https:\/\/www.egemtv.com\/index.php?rest_route=\/wp\/v2\/media\/31753"}],"wp:attachment":[{"href":"https:\/\/www.egemtv.com\/index.php?rest_route=%2Fwp%2Fv2%2Fmedia&parent=31752"}],"wp:term":[{"taxonomy":"category","embeddable":true,"href":"https:\/\/www.egemtv.com\/index.php?rest_route=%2Fwp%2Fv2%2Fcategories&post=31752"},{"taxonomy":"post_tag","embeddable":true,"href":"https:\/\/www.egemtv.com\/index.php?rest_route=%2Fwp%2Fv2%2Ftags&post=31752"}],"curies":[{"name":"wp","href":"https:\/\/api.w.org\/{rel}","templated":true}]}}