{"id":31749,"date":"2025-05-27T15:57:06","date_gmt":"2025-05-27T12:57:06","guid":{"rendered":"https:\/\/www.egemtv.com\/?p=31749"},"modified":"2025-05-27T15:57:16","modified_gmt":"2025-05-27T12:57:16","slug":"iso-500-listesinde-manisadan-39-firma-yer-aldi","status":"publish","type":"post","link":"https:\/\/www.egemtv.com\/?p=31749","title":{"rendered":"\u0130SO 500 listesinde Manisa\u2019dan 39 firma yer ald\u0131"},"content":{"rendered":"<p>\u0130stanbul Sanayi Odas\u0131 (\u0130SO) taraf\u0131ndan \u00fclkemizin ilk 500 sanayi kurulu\u015fu \u00e7al\u0131\u015fmas\u0131n\u0131n 2024 y\u0131l\u0131 sonu\u00e7lar\u0131 a\u00e7\u0131kland\u0131. A\u00e7\u0131klanan verilere g\u00f6re bu y\u0131l ilk 500 listesinde Manisa\u2019dan 39 firma yer ald\u0131. Manisa Ticaret ve Sanayi Odas\u0131 Y\u00f6netim Kurulu Ba\u015fkan\u0131 Mehmet Y\u0131lmaz, listeye yer alan firmalar\u0131 tebrik ederek, &#8220;Manisa\u2019m\u0131z 39 firma ile sanayi devleri aras\u0131nda yer alarak i\u015f d\u00fcnyas\u0131n\u0131n cazibe merkezi oldu\u011funu bir kez daha g\u00f6stermi\u015ftir.&#8221; dedi.<br \/>\n<br \/>\u0130stanbul Sanayi Odas\u0131 (\u0130SO) taraf\u0131ndan 1993 y\u0131l\u0131ndan bu yana her y\u0131l yap\u0131lan \u00fclkemizin ilk 500 sanayi kurulu\u015fu \u00e7al\u0131\u015fmas\u0131n\u0131n 2024 y\u0131l\u0131 sonu\u00e7lar\u0131 a\u00e7\u0131kland\u0131. A\u00e7\u0131klanan veriler g\u00f6re bu y\u0131l ilk 500 listesinde Manisa\u2019dan 39 firma yer ald\u0131.<br \/>\n<br \/>\u0130SO 500 listesinde yer alan 39 firmayla gurur ve onur duyduklar\u0131n\u0131 belirten Manisa Ticaret ve Sanayi Odas\u0131 Y\u00f6netim Kurulu Ba\u015fkan\u0131 Mehmet Y\u0131lmaz, &#8220;\u0130stanbul Sanayi Odas\u0131 taraf\u0131ndan her y\u0131l a\u00e7\u0131klanan ilk 500 sanayi kurulu\u015fu listesinde odam\u0131za kay\u0131tl\u0131 \u00fcyelerimizden merkezi ilimizde olan 11 firma ile birlikte yine odam\u0131za kay\u0131tl\u0131 olarak b\u00f6lgemizde \u00fcretim yapan ama merkezleri ba\u015fka \u015fehir ve il\u00e7elerimizde olan 28 firmam\u0131zla birlikte devler liginde Manisa\u2019dan 39 firmam\u0131z yer ald\u0131.&#8221; dedi.<br \/>\n<br \/>Manisal\u0131 sanayicilerin \u00fcretime, istihdama ve ihracata devam ederek \u015fehrimizin gururu olamaya devam ettiklerini belirten Ba\u015fkan Y\u0131lmaz, &#8220;39 firmam\u0131z ile sanayi devleri aras\u0131nda yer almaktay\u0131z. Manisal\u0131 firmalar\u0131m\u0131z geli\u015fmi\u015f end\u00fcstrileri, organize sanayi b\u00f6lgeleri, \u00e7evreci ve g\u00fc\u00e7l\u00fc sanayi alt yap\u0131lar\u0131 ile Manisa\u2019m\u0131z\u0131n cazibe merkezi olmas\u0131 yolunda \u00f6zveriyle \u00e7al\u0131\u015fmaya devam etmektedir. \u00dcretimin ve istihdam\u0131n, ihracat\u0131n ger\u00e7ek kahramanlar\u0131 olan bu i\u015fletmelerimiz \u015fehrimizin kalk\u0131nmas\u0131nda ve markala\u015fmas\u0131nda \u00f6nemli bir rol \u00fcstlenmekteler. Manisa\u2019m\u0131z, i\u015f d\u00fcnyam\u0131z\u0131n gayreti ile geli\u015fmi\u015f sanayi \u00fcretimi ve d\u00fcnya ile rekabet eden sekt\u00f6rleri ile k\u00fcresel \u00e7apta ad\u0131ndan s\u00f6z ettiren bir \u015fehir olup sanayinin ve tar\u0131m\u0131n ba\u015fkenti konumundad\u0131r. A\u00e7\u0131lanan veriler \u015fehrimizin g\u00fc\u00e7l\u00fc sanayi altyap\u0131s\u0131, k\u00fcresel ticaret a\u011f\u0131, geni\u015f tar\u0131m arazileri ve ye\u015fil d\u00f6n\u00fc\u015f\u00fcm hamleleri ile ekonomik yap\u0131s\u0131n\u0131n sa\u011flam temellere dayand\u0131\u011f\u0131n\u0131 bir kez daha g\u00f6stermi\u015ftir. Sanayicilerimiz gece g\u00fcnd\u00fcz, 7 g\u00fcn 24 saat \u00e7al\u0131\u015fmak suretiyle katma de\u011fer \u00fcretmeye devam ediyor. 2024 y\u0131l\u0131 T\u00fcrkiye\u2019nin en b\u00fcy\u00fck sanayi kurulu\u015flar\u0131n\u0131n belirlendi\u011fi \u0130SO ilk 500 listesinde yer alarak, \u015fehrimizi ve \u00fclkemizi gururland\u0131ran 39 firmam\u0131za te\u015fekk\u00fcr ediyor, sanayimizin \u00fcretim g\u00fcc\u00fcn\u00fc, istihdama katk\u0131s\u0131n\u0131 ve ihracattaki ba\u015far\u0131s\u0131n\u0131 bir kez daha kan\u0131tlayan firmalar\u0131m\u0131zla gurur duyuyor, ba\u015far\u0131lar\u0131n\u0131n devam\u0131n\u0131 diliyoruz. \u0130lerleyen d\u00f6nemlerde Manisa\u2019m\u0131z\u0131n daha fazla firma ile listede yer alaca\u011f\u0131na inan\u0131yoruz.&#8221; diye konu\u015ftu.<br \/><\/p>\n","protected":false},"excerpt":{"rendered":"<p>\u0130stanbul Sanayi Odas\u0131 (\u0130SO) taraf\u0131ndan \u00fclkemizin ilk 500 sanayi kurulu\u015fu \u00e7al\u0131\u015fmas\u0131n\u0131n 2024 y\u0131l\u0131 sonu\u00e7lar\u0131 a\u00e7\u0131kland\u0131. A\u00e7\u0131klanan verilere g\u00f6re bu y\u0131l ilk 500 listesinde Manisa\u2019dan 39 firma yer ald\u0131. Manisa Ticaret ve Sanayi Odas\u0131 Y\u00f6netim Kurulu Ba\u015fkan\u0131 Mehmet Y\u0131lmaz, listeye yer alan firmalar\u0131 tebrik ederek, &#8220;Manisa\u2019m\u0131z 39 firma ile sanayi devleri aras\u0131nda yer alarak i\u015f d\u00fcnyas\u0131n\u0131n&#8230;<\/p>\n","protected":false},"author":1,"featured_media":31750,"comment_status":"open","ping_status":"open","sticky":false,"template":"","format":"standard","meta":{"_crdt_document":"","footnotes":""},"categories":[125],"tags":[],"class_list":["post-31749","post","type-post","status-publish","format-standard","has-post-thumbnail","hentry","category-ekonomi"],"_links":{"self":[{"href":"https:\/\/www.egemtv.com\/index.php?rest_route=\/wp\/v2\/posts\/31749","targetHints":{"allow":["GET"]}}],"collection":[{"href":"https:\/\/www.egemtv.com\/index.php?rest_route=\/wp\/v2\/posts"}],"about":[{"href":"https:\/\/www.egemtv.com\/index.php?rest_route=\/wp\/v2\/types\/post"}],"author":[{"embeddable":true,"href":"https:\/\/www.egemtv.com\/index.php?rest_route=\/wp\/v2\/users\/1"}],"replies":[{"embeddable":true,"href":"https:\/\/www.egemtv.com\/index.php?rest_route=%2Fwp%2Fv2%2Fcomments&post=31749"}],"version-history":[{"count":1,"href":"https:\/\/www.egemtv.com\/index.php?rest_route=\/wp\/v2\/posts\/31749\/revisions"}],"predecessor-version":[{"id":31751,"href":"https:\/\/www.egemtv.com\/index.php?rest_route=\/wp\/v2\/posts\/31749\/revisions\/31751"}],"wp:featuredmedia":[{"embeddable":true,"href":"https:\/\/www.egemtv.com\/index.php?rest_route=\/wp\/v2\/media\/31750"}],"wp:attachment":[{"href":"https:\/\/www.egemtv.com\/index.php?rest_route=%2Fwp%2Fv2%2Fmedia&parent=31749"}],"wp:term":[{"taxonomy":"category","embeddable":true,"href":"https:\/\/www.egemtv.com\/index.php?rest_route=%2Fwp%2Fv2%2Fcategories&post=31749"},{"taxonomy":"post_tag","embeddable":true,"href":"https:\/\/www.egemtv.com\/index.php?rest_route=%2Fwp%2Fv2%2Ftags&post=31749"}],"curies":[{"name":"wp","href":"https:\/\/api.w.org\/{rel}","templated":true}]}}