{"id":31746,"date":"2025-05-27T15:37:19","date_gmt":"2025-05-27T12:37:19","guid":{"rendered":"https:\/\/www.egemtv.com\/?p=31746"},"modified":"2025-05-27T15:37:26","modified_gmt":"2025-05-27T12:37:26","slug":"yataganda-yolcu-otobusunde-290-gram-kokain-yakalandi","status":"publish","type":"post","link":"https:\/\/www.egemtv.com\/?p=31746","title":{"rendered":"Yata\u011fan\u2019da yolcu otob\u00fcs\u00fcnde 290 gram kokain yakaland\u0131"},"content":{"rendered":"<p>Mu\u011fla\u2019n\u0131n Yata\u011fan il\u00e7esinde, jandarma ekiplerinin d\u00fczenledi\u011fi operasyonda yolcu otob\u00fcs\u00fcnde seyahat eden bir \u015fahs\u0131n \u00e7antas\u0131nda 290 gram kokain ele ge\u00e7irildi. Uyu\u015fturucuyu ta\u015f\u0131yan A.\u00c7. (38) g\u00f6zalt\u0131na al\u0131nd\u0131.<\/p>\n<p>\u0130l Jandarma Komutanl\u0131\u011f\u0131 ekipleri, \u0130stanbul\u2019dan Mu\u011fla\u2019ya yolcu otob\u00fcs\u00fcyle uyu\u015fturucu madde sevkiyat\u0131 yap\u0131laca\u011f\u0131 y\u00f6n\u00fcnde istihbarat ald\u0131. Bunun \u00fczerine, Cumhuriyet Ba\u015fsavc\u0131l\u0131\u011f\u0131 koordinesinde, Ka\u00e7ak\u00e7\u0131l\u0131k ve Organize Su\u00e7larla M\u00fccadele \u015eubesi ekipleri harekete ge\u00e7ti. \u015e\u00fcpheli otob\u00fcs, Yata\u011fan Yol Kontrol Noktas\u0131\u2019nda durduruldu. Ekipler taraf\u0131ndan ara\u00e7ta yap\u0131lan aramada, narkotik k\u00f6pe\u011fi \u2018Etil\u2019, yolculardan A.\u00c7.\u2019nin \u00e7antas\u0131na tepki verdi. Ekiplerin \u00e7antada yapt\u0131\u011f\u0131 detayl\u0131 aramada 290 gram kokain ele ge\u00e7irildi. Uyu\u015fturucu maddeye el konulurken, A.\u00c7. g\u00f6zalt\u0131na al\u0131nd\u0131. \u015e\u00fcphelinin jandarmadaki i\u015flemlerinin s\u00fcrd\u00fc\u011f\u00fc bildirildi.<\/p>\n<p>Olayla ilgili soru\u015fturma s\u00fcr\u00fcyor.<br \/><\/p>\n","protected":false},"excerpt":{"rendered":"<p>Mu\u011fla\u2019n\u0131n Yata\u011fan il\u00e7esinde, jandarma ekiplerinin d\u00fczenledi\u011fi operasyonda yolcu otob\u00fcs\u00fcnde seyahat eden bir \u015fahs\u0131n \u00e7antas\u0131nda 290 gram kokain ele ge\u00e7irildi. Uyu\u015fturucuyu ta\u015f\u0131yan A.\u00c7. (38) g\u00f6zalt\u0131na al\u0131nd\u0131. \u0130l Jandarma Komutanl\u0131\u011f\u0131 ekipleri, \u0130stanbul\u2019dan Mu\u011fla\u2019ya yolcu otob\u00fcs\u00fcyle uyu\u015fturucu madde sevkiyat\u0131 yap\u0131laca\u011f\u0131 y\u00f6n\u00fcnde istihbarat ald\u0131. Bunun \u00fczerine, Cumhuriyet Ba\u015fsavc\u0131l\u0131\u011f\u0131 koordinesinde, Ka\u00e7ak\u00e7\u0131l\u0131k ve Organize Su\u00e7larla M\u00fccadele \u015eubesi ekipleri harekete ge\u00e7ti. \u015e\u00fcpheli&#8230;<\/p>\n","protected":false},"author":1,"featured_media":31747,"comment_status":"open","ping_status":"open","sticky":false,"template":"","format":"standard","meta":{"_crdt_document":"","footnotes":""},"categories":[5],"tags":[],"class_list":["post-31746","post","type-post","status-publish","format-standard","has-post-thumbnail","hentry","category-asayis"],"_links":{"self":[{"href":"https:\/\/www.egemtv.com\/index.php?rest_route=\/wp\/v2\/posts\/31746","targetHints":{"allow":["GET"]}}],"collection":[{"href":"https:\/\/www.egemtv.com\/index.php?rest_route=\/wp\/v2\/posts"}],"about":[{"href":"https:\/\/www.egemtv.com\/index.php?rest_route=\/wp\/v2\/types\/post"}],"author":[{"embeddable":true,"href":"https:\/\/www.egemtv.com\/index.php?rest_route=\/wp\/v2\/users\/1"}],"replies":[{"embeddable":true,"href":"https:\/\/www.egemtv.com\/index.php?rest_route=%2Fwp%2Fv2%2Fcomments&post=31746"}],"version-history":[{"count":1,"href":"https:\/\/www.egemtv.com\/index.php?rest_route=\/wp\/v2\/posts\/31746\/revisions"}],"predecessor-version":[{"id":31748,"href":"https:\/\/www.egemtv.com\/index.php?rest_route=\/wp\/v2\/posts\/31746\/revisions\/31748"}],"wp:featuredmedia":[{"embeddable":true,"href":"https:\/\/www.egemtv.com\/index.php?rest_route=\/wp\/v2\/media\/31747"}],"wp:attachment":[{"href":"https:\/\/www.egemtv.com\/index.php?rest_route=%2Fwp%2Fv2%2Fmedia&parent=31746"}],"wp:term":[{"taxonomy":"category","embeddable":true,"href":"https:\/\/www.egemtv.com\/index.php?rest_route=%2Fwp%2Fv2%2Fcategories&post=31746"},{"taxonomy":"post_tag","embeddable":true,"href":"https:\/\/www.egemtv.com\/index.php?rest_route=%2Fwp%2Fv2%2Ftags&post=31746"}],"curies":[{"name":"wp","href":"https:\/\/api.w.org\/{rel}","templated":true}]}}