{"id":31743,"date":"2025-05-27T15:37:13","date_gmt":"2025-05-27T12:37:13","guid":{"rendered":"https:\/\/www.egemtv.com\/?p=31743"},"modified":"2025-05-27T15:37:19","modified_gmt":"2025-05-27T12:37:19","slug":"tzob-baskani-bayraktar-ciftcimiz-afetlerle-yuksek-maliyetlerle-ve-yapisal-sorunlarla-mucadele-ediyor","status":"publish","type":"post","link":"https:\/\/www.egemtv.com\/?p=31743","title":{"rendered":"TZOB Ba\u015fkan\u0131 Bayraktar: &#8220;\u00c7ift\u00e7imiz afetlerle, y\u00fcksek maliyetlerle ve yap\u0131sal sorunlarla m\u00fccadele ediyor&#8221;"},"content":{"rendered":"<p>T\u00fcrkiye Ziraat Odalar\u0131 Birli\u011fi (TZOB) Genel Ba\u015fkan\u0131 \u015eemsi Bayraktar, tar\u0131m sekt\u00f6r\u00fcn\u00fcn d\u0131\u015far\u0131dan bak\u0131ld\u0131\u011f\u0131nda kolay bir meslek gibi g\u00f6r\u00fcnd\u00fc\u011f\u00fcn\u00fc ancak \u00fcretimin her ge\u00e7en g\u00fcn zorla\u015ft\u0131\u011f\u0131n\u0131 belirterek, &#8220;Kurakl\u0131k, don, dolu, sel ve hortum gibi afetlerle m\u00fccadele ederek \u00e7ift\u00e7ilerimiz \u00fcretmeye devam ediyor&#8221; dedi.<br \/>\n<br \/>TZOB Genel Ba\u015fkan\u0131 \u015eemsi Bayraktar, K\u00fctahya merkeze ba\u011fl\u0131 Ok\u00e7u k\u00f6y\u00fcnde \u00fcreticilerle bir araya geldi. B\u00f6lgede dondan zarar g\u00f6ren meyve bah\u00e7elerinde incelemelerde bulunan Bayraktar, \u00e7ift\u00e7ilerin ya\u015fad\u0131\u011f\u0131 sorunlara dikkat \u00e7ekti. Bayraktar, yapt\u0131\u011f\u0131 a\u00e7\u0131klamada do\u011fal afetlerin tar\u0131msal \u00fcretim \u00fczerindeki olumsuz etkilerine vurgu yaparak, &#8220;Biliyorsunuz, 6 \u015eubat\u2019ta \u00e7ok b\u00fcy\u00fck bir deprem ya\u015fad\u0131k. Ayn\u0131 zamanda 65 vilayetimizde b\u00fcy\u00fck bir don felaketiyle kar\u015f\u0131 kar\u015f\u0131ya kald\u0131k. Bir\u00e7ok \u00fcr\u00fcn\u00fcm\u00fcz y\u00fczde 100 oran\u0131nda zarar g\u00f6rd\u00fc&#8221; ifadelerini kulland\u0131. 2024 y\u0131l\u0131nda bin 257 do\u011fal afetin ya\u015fand\u0131\u011f\u0131na dikkat \u00e7eken Bayraktar, bu y\u0131l da afetlerin say\u0131s\u0131n\u0131n ve \u015fiddetinin artt\u0131\u011f\u0131n\u0131 ifade etti. Tar\u0131m sekt\u00f6r\u00fcn\u00fcn d\u0131\u015far\u0131dan bak\u0131ld\u0131\u011f\u0131nda kolay bir meslek gibi g\u00f6r\u00fcnd\u00fc\u011f\u00fcn\u00fc ancak \u00fcretimin her ge\u00e7en g\u00fcn zorla\u015ft\u0131\u011f\u0131n\u0131 belirten Bayraktar, &#8220;Kurakl\u0131k, don, dolu, sel ve hortum gibi afetlerle m\u00fccadele ederek \u00e7ift\u00e7ilerimiz \u00fcretmeye devam ediyor&#8221; diye konu\u015ftu.<br \/><\/p>\n","protected":false},"excerpt":{"rendered":"<p>T\u00fcrkiye Ziraat Odalar\u0131 Birli\u011fi (TZOB) Genel Ba\u015fkan\u0131 \u015eemsi Bayraktar, tar\u0131m sekt\u00f6r\u00fcn\u00fcn d\u0131\u015far\u0131dan bak\u0131ld\u0131\u011f\u0131nda kolay bir meslek gibi g\u00f6r\u00fcnd\u00fc\u011f\u00fcn\u00fc ancak \u00fcretimin her ge\u00e7en g\u00fcn zorla\u015ft\u0131\u011f\u0131n\u0131 belirterek, &#8220;Kurakl\u0131k, don, dolu, sel ve hortum gibi afetlerle m\u00fccadele ederek \u00e7ift\u00e7ilerimiz \u00fcretmeye devam ediyor&#8221; dedi. TZOB Genel Ba\u015fkan\u0131 \u015eemsi Bayraktar, K\u00fctahya merkeze ba\u011fl\u0131 Ok\u00e7u k\u00f6y\u00fcnde \u00fcreticilerle bir araya geldi. B\u00f6lgede&#8230;<\/p>\n","protected":false},"author":1,"featured_media":31744,"comment_status":"open","ping_status":"open","sticky":false,"template":"","format":"standard","meta":{"_crdt_document":"","footnotes":""},"categories":[125],"tags":[],"class_list":["post-31743","post","type-post","status-publish","format-standard","has-post-thumbnail","hentry","category-ekonomi"],"_links":{"self":[{"href":"https:\/\/www.egemtv.com\/index.php?rest_route=\/wp\/v2\/posts\/31743","targetHints":{"allow":["GET"]}}],"collection":[{"href":"https:\/\/www.egemtv.com\/index.php?rest_route=\/wp\/v2\/posts"}],"about":[{"href":"https:\/\/www.egemtv.com\/index.php?rest_route=\/wp\/v2\/types\/post"}],"author":[{"embeddable":true,"href":"https:\/\/www.egemtv.com\/index.php?rest_route=\/wp\/v2\/users\/1"}],"replies":[{"embeddable":true,"href":"https:\/\/www.egemtv.com\/index.php?rest_route=%2Fwp%2Fv2%2Fcomments&post=31743"}],"version-history":[{"count":1,"href":"https:\/\/www.egemtv.com\/index.php?rest_route=\/wp\/v2\/posts\/31743\/revisions"}],"predecessor-version":[{"id":31745,"href":"https:\/\/www.egemtv.com\/index.php?rest_route=\/wp\/v2\/posts\/31743\/revisions\/31745"}],"wp:featuredmedia":[{"embeddable":true,"href":"https:\/\/www.egemtv.com\/index.php?rest_route=\/wp\/v2\/media\/31744"}],"wp:attachment":[{"href":"https:\/\/www.egemtv.com\/index.php?rest_route=%2Fwp%2Fv2%2Fmedia&parent=31743"}],"wp:term":[{"taxonomy":"category","embeddable":true,"href":"https:\/\/www.egemtv.com\/index.php?rest_route=%2Fwp%2Fv2%2Fcategories&post=31743"},{"taxonomy":"post_tag","embeddable":true,"href":"https:\/\/www.egemtv.com\/index.php?rest_route=%2Fwp%2Fv2%2Ftags&post=31743"}],"curies":[{"name":"wp","href":"https:\/\/api.w.org\/{rel}","templated":true}]}}