{"id":31740,"date":"2025-05-27T15:37:07","date_gmt":"2025-05-27T12:37:07","guid":{"rendered":"https:\/\/www.egemtv.com\/?p=31740"},"modified":"2025-05-27T15:37:13","modified_gmt":"2025-05-27T12:37:13","slug":"saglikli-cocuk-saglikli-gelecek-projesi-manisada-basladi","status":"publish","type":"post","link":"https:\/\/www.egemtv.com\/?p=31740","title":{"rendered":"\u2019Sa\u011fl\u0131kl\u0131 \u00e7ocuk, sa\u011fl\u0131kl\u0131 gelecek\u2019 Projesi Manisa\u2019da ba\u015flad\u0131"},"content":{"rendered":"<p>Sa\u011fl\u0131k Bakanl\u0131\u011f\u0131 ile Milli E\u011fitim Bakanl\u0131\u011f\u0131 aras\u0131nda imzalanan \u2018Sa\u011fl\u0131kl\u0131 \u00e7ocuk, sa\u011fl\u0131kl\u0131 gelecek\u2019 Okul Sa\u011fl\u0131\u011f\u0131 Hizmetleri \u0130\u015f Birli\u011fi Protokol\u00fc kapsam\u0131nda y\u00fcr\u00fct\u00fclen program\u0131n Manisa tan\u0131t\u0131m\u0131 Ahmet T\u00fct\u00fcnc\u00fco\u011flu \u0130lkokulu\u2019nda ger\u00e7ekle\u015ftirildi.<br \/>\n<br \/>Manisa\u2019daki tan\u0131t\u0131m program\u0131na Vali Yard\u0131mc\u0131s\u0131 Mustafa Y\u0131ld\u0131z, \u015eehzadeler Kaymakam\u0131 Fatih Genel, Manisa \u0130l Milli E\u011fitim M\u00fcd\u00fcr\u00fc Mehmet U\u011furelli, Manisa \u0130l Sa\u011fl\u0131k M\u00fcd\u00fcr\u00fc Uzm. Dr. Mehmet Fatih Zeren ile ilgili kurum m\u00fcd\u00fcrleri ve protokol \u00fcyeleri kat\u0131ld\u0131.<br \/>\n<br \/>Program kapsam\u0131nda \u00f6\u011frencilere y\u00f6nelik teorik sa\u011fl\u0131k e\u011fitimleri, Manisa \u0130l Sa\u011fl\u0131k M\u00fcd\u00fcrl\u00fc\u011f\u00fc\u2019nde g\u00f6revli e\u011fitimciler taraf\u0131ndan verildi. Etkinlikte \u00e7ocuklar taraf\u0131ndan \u00e7e\u015fitli g\u00f6steriler sergilenirken, okul bah\u00e7esinde kurulan stantlarda sa\u011fl\u0131k personelleri taraf\u0131ndan \u00f6\u011frencilere a\u011f\u0131z ve di\u015f sa\u011fl\u0131\u011f\u0131, sa\u011fl\u0131kl\u0131 beslenme, fiziksel aktivite, ki\u015fisel hijyen, bula\u015f\u0131c\u0131 hastal\u0131klardan korunma, ilk yard\u0131m ve afet bilinci gibi konularda bilgilendirmeler yap\u0131ld\u0131.<br \/>\n<br \/>Ambulans ve UMKE ara\u00e7lar\u0131n\u0131n tan\u0131t\u0131ld\u0131\u011f\u0131 etkinlikte, 112 Acil Sa\u011fl\u0131k Hizmetleri hakk\u0131nda da \u00f6\u011frencilere bilgi verildi. \u00c7ocuklar\u0131n k\u00fc\u00e7\u00fck ya\u015flardan itibaren sa\u011fl\u0131k okuryazarl\u0131\u011f\u0131 kazanmalar\u0131n\u0131 ama\u00e7layan program kapsam\u0131nda \u00f6\u011frenciler, \u00f6\u011frendikleri bilgileri \u00e7evreleriyle payla\u015fmalar\u0131 ad\u0131na &#8220;Sa\u011fl\u0131k El\u00e7isi&#8221; ilan edildi.<br \/>\n<br \/>Vali Yard\u0131mc\u0131s\u0131 Mustafa Y\u0131ld\u0131z ve beraberindeki protokol \u00fcyeleri stantlar\u0131 ziyaret ederek, \u00f6\u011frencilere belgelerini takdim etti. Programda konu\u015fan Manisa \u0130l Sa\u011fl\u0131k M\u00fcd\u00fcr\u00fc Uzm. Dr. Mehmet Fatih Zeren, &#8220;\u00c7ocuklar gelece\u011fimizin teminat\u0131d\u0131r. Hedefimiz, T\u00fcrkiye Y\u00fczy\u0131l\u0131\u2019nda sa\u011fl\u0131kl\u0131 nesiller yeti\u015ftirmektir.&#8221; ifadelerini kulland\u0131.<br \/><\/p>\n","protected":false},"excerpt":{"rendered":"<p>Sa\u011fl\u0131k Bakanl\u0131\u011f\u0131 ile Milli E\u011fitim Bakanl\u0131\u011f\u0131 aras\u0131nda imzalanan \u2018Sa\u011fl\u0131kl\u0131 \u00e7ocuk, sa\u011fl\u0131kl\u0131 gelecek\u2019 Okul Sa\u011fl\u0131\u011f\u0131 Hizmetleri \u0130\u015f Birli\u011fi Protokol\u00fc kapsam\u0131nda y\u00fcr\u00fct\u00fclen program\u0131n Manisa tan\u0131t\u0131m\u0131 Ahmet T\u00fct\u00fcnc\u00fco\u011flu \u0130lkokulu\u2019nda ger\u00e7ekle\u015ftirildi. Manisa\u2019daki tan\u0131t\u0131m program\u0131na Vali Yard\u0131mc\u0131s\u0131 Mustafa Y\u0131ld\u0131z, \u015eehzadeler Kaymakam\u0131 Fatih Genel, Manisa \u0130l Milli E\u011fitim M\u00fcd\u00fcr\u00fc Mehmet U\u011furelli, Manisa \u0130l Sa\u011fl\u0131k M\u00fcd\u00fcr\u00fc Uzm. Dr. Mehmet Fatih Zeren ile&#8230;<\/p>\n","protected":false},"author":1,"featured_media":31741,"comment_status":"open","ping_status":"open","sticky":false,"template":"","format":"standard","meta":{"_crdt_document":"","footnotes":""},"categories":[2],"tags":[],"class_list":["post-31740","post","type-post","status-publish","format-standard","has-post-thumbnail","hentry","category-saglik"],"_links":{"self":[{"href":"https:\/\/www.egemtv.com\/index.php?rest_route=\/wp\/v2\/posts\/31740","targetHints":{"allow":["GET"]}}],"collection":[{"href":"https:\/\/www.egemtv.com\/index.php?rest_route=\/wp\/v2\/posts"}],"about":[{"href":"https:\/\/www.egemtv.com\/index.php?rest_route=\/wp\/v2\/types\/post"}],"author":[{"embeddable":true,"href":"https:\/\/www.egemtv.com\/index.php?rest_route=\/wp\/v2\/users\/1"}],"replies":[{"embeddable":true,"href":"https:\/\/www.egemtv.com\/index.php?rest_route=%2Fwp%2Fv2%2Fcomments&post=31740"}],"version-history":[{"count":1,"href":"https:\/\/www.egemtv.com\/index.php?rest_route=\/wp\/v2\/posts\/31740\/revisions"}],"predecessor-version":[{"id":31742,"href":"https:\/\/www.egemtv.com\/index.php?rest_route=\/wp\/v2\/posts\/31740\/revisions\/31742"}],"wp:featuredmedia":[{"embeddable":true,"href":"https:\/\/www.egemtv.com\/index.php?rest_route=\/wp\/v2\/media\/31741"}],"wp:attachment":[{"href":"https:\/\/www.egemtv.com\/index.php?rest_route=%2Fwp%2Fv2%2Fmedia&parent=31740"}],"wp:term":[{"taxonomy":"category","embeddable":true,"href":"https:\/\/www.egemtv.com\/index.php?rest_route=%2Fwp%2Fv2%2Fcategories&post=31740"},{"taxonomy":"post_tag","embeddable":true,"href":"https:\/\/www.egemtv.com\/index.php?rest_route=%2Fwp%2Fv2%2Ftags&post=31740"}],"curies":[{"name":"wp","href":"https:\/\/api.w.org\/{rel}","templated":true}]}}