{"id":31737,"date":"2025-05-27T15:36:59","date_gmt":"2025-05-27T12:36:59","guid":{"rendered":"https:\/\/www.egemtv.com\/?p=31737"},"modified":"2025-05-27T15:37:06","modified_gmt":"2025-05-27T12:37:06","slug":"soke-belediyesinin-ucretsiz-psikolog-destegi-engelli-bireylerin-evlerinde-verilecek","status":"publish","type":"post","link":"https:\/\/www.egemtv.com\/?p=31737","title":{"rendered":"S\u00f6ke Belediyesi\u2019nin \u00fccretsiz psikolog deste\u011fi, engelli bireylerin evlerinde verilecek"},"content":{"rendered":"<p>S\u00f6ke Belediyesi, vatanda\u015f odakl\u0131 hizmet anlay\u0131\u015f\u0131n\u0131 bir ad\u0131m daha ileri ta\u015f\u0131yarak, sa\u011fl\u0131k hizmetlerini evlere ula\u015ft\u0131racak. Belediye Sa\u011fl\u0131k Hizmetleri Birimi b\u00fcnyesinde \u00fccretsiz psikolog deste\u011fi, art\u0131k engelli bireylerin evlerinde de verilecek.<\/p>\n<p>Yeni ba\u015flat\u0131lan uygulama kapsam\u0131nda, sa\u011fl\u0131k ekipleri engelli vatanda\u015flar\u0131n evlerine konuk olacak. Engelli bireylerin ailelerine psiko-sosyal destek sunulacak. Psikolog, Sosyolog ve hem\u015fire engelli bireylerin ailelerinin ya\u015fam kalitesini art\u0131rmak ad\u0131na ki\u015fiye \u00f6zel dan\u0131\u015fmanl\u0131k hizmeti sunacak. Hizmetten engelli bireylerin anne ve babalar\u0131, bak\u0131m veren aile bireyleri yararlanacak. Evde bak\u0131m hizmeti alan aileler \u00f6ncelikli olacak.<\/p>\n<p>&#8220;El ele daha g\u00fc\u00e7l\u00fcy\u00fcz&#8221; parolas\u0131yla ba\u015flat\u0131lan proje ile ilgili olarak S\u00f6ke Belediye Ba\u015fkan\u0131 Dr. Mustafa \u0130berya Ar\u0131kan; &#8220;Sosyal belediyecilik anlay\u0131\u015f\u0131n\u0131 \u00f6ncelik alan projelerimizi \u00f6nemsiyoruz. Engelli bireylerin bak\u0131m\u0131ndan sorumlu ailelerimizin fiziksel, duygusal ve ekonomik y\u00fcklerini biliyoruz. Bu proje ile aileleri psikolojik olarak desteklemek, toplumsal dayan\u0131\u015fmay\u0131 artt\u0131rmay\u0131 hedefliyoruz&#8221; dedi.<\/p>\n<p>S\u00f6ke Belediyesi\u2019nden yap\u0131lan a\u00e7\u0131klamada, bu hizmetten faydalanmak isteyen vatanda\u015flar\u0131n 444 21 93 numaral\u0131 \u00e7a\u011fr\u0131 merkezini arayarak ba\u015fvuruda bulunabilecekleri belirtildi.<br \/><\/p>\n","protected":false},"excerpt":{"rendered":"<p>S\u00f6ke Belediyesi, vatanda\u015f odakl\u0131 hizmet anlay\u0131\u015f\u0131n\u0131 bir ad\u0131m daha ileri ta\u015f\u0131yarak, sa\u011fl\u0131k hizmetlerini evlere ula\u015ft\u0131racak. Belediye Sa\u011fl\u0131k Hizmetleri Birimi b\u00fcnyesinde \u00fccretsiz psikolog deste\u011fi, art\u0131k engelli bireylerin evlerinde de verilecek. Yeni ba\u015flat\u0131lan uygulama kapsam\u0131nda, sa\u011fl\u0131k ekipleri engelli vatanda\u015flar\u0131n evlerine konuk olacak. Engelli bireylerin ailelerine psiko-sosyal destek sunulacak. Psikolog, Sosyolog ve hem\u015fire engelli bireylerin ailelerinin ya\u015fam kalitesini&#8230;<\/p>\n","protected":false},"author":1,"featured_media":31738,"comment_status":"open","ping_status":"open","sticky":false,"template":"","format":"standard","meta":{"_crdt_document":"","footnotes":""},"categories":[2],"tags":[],"class_list":["post-31737","post","type-post","status-publish","format-standard","has-post-thumbnail","hentry","category-saglik"],"_links":{"self":[{"href":"https:\/\/www.egemtv.com\/index.php?rest_route=\/wp\/v2\/posts\/31737","targetHints":{"allow":["GET"]}}],"collection":[{"href":"https:\/\/www.egemtv.com\/index.php?rest_route=\/wp\/v2\/posts"}],"about":[{"href":"https:\/\/www.egemtv.com\/index.php?rest_route=\/wp\/v2\/types\/post"}],"author":[{"embeddable":true,"href":"https:\/\/www.egemtv.com\/index.php?rest_route=\/wp\/v2\/users\/1"}],"replies":[{"embeddable":true,"href":"https:\/\/www.egemtv.com\/index.php?rest_route=%2Fwp%2Fv2%2Fcomments&post=31737"}],"version-history":[{"count":1,"href":"https:\/\/www.egemtv.com\/index.php?rest_route=\/wp\/v2\/posts\/31737\/revisions"}],"predecessor-version":[{"id":31739,"href":"https:\/\/www.egemtv.com\/index.php?rest_route=\/wp\/v2\/posts\/31737\/revisions\/31739"}],"wp:featuredmedia":[{"embeddable":true,"href":"https:\/\/www.egemtv.com\/index.php?rest_route=\/wp\/v2\/media\/31738"}],"wp:attachment":[{"href":"https:\/\/www.egemtv.com\/index.php?rest_route=%2Fwp%2Fv2%2Fmedia&parent=31737"}],"wp:term":[{"taxonomy":"category","embeddable":true,"href":"https:\/\/www.egemtv.com\/index.php?rest_route=%2Fwp%2Fv2%2Fcategories&post=31737"},{"taxonomy":"post_tag","embeddable":true,"href":"https:\/\/www.egemtv.com\/index.php?rest_route=%2Fwp%2Fv2%2Ftags&post=31737"}],"curies":[{"name":"wp","href":"https:\/\/api.w.org\/{rel}","templated":true}]}}