{"id":31734,"date":"2025-05-27T15:16:58","date_gmt":"2025-05-27T12:16:58","guid":{"rendered":"https:\/\/www.egemtv.com\/?p=31734"},"modified":"2025-05-27T15:17:04","modified_gmt":"2025-05-27T12:17:04","slug":"marmariste-orman-yangini","status":"publish","type":"post","link":"https:\/\/www.egemtv.com\/?p=31734","title":{"rendered":"Marmaris\u2019te orman yang\u0131n\u0131"},"content":{"rendered":"<p>Mu\u011fla\u2019n\u0131n Marmaris il\u00e7esinde yerle\u015fim yerlerine yak\u0131n ormanl\u0131k alanda yang\u0131n \u00e7\u0131kt\u0131.<\/p>\n<p>Edinilen bilgiye g\u00f6re, Hisar\u00f6n\u00fc Mahallesi\u2019nde, hen\u00fcz belirlenemeyen bir nedenle yerle\u015fim yerine yak\u0131n bir noktada orman yang\u0131n\u0131 \u00e7\u0131kt\u0131. Dumanlar\u0131 fark eden vatanda\u015flar\u0131n ihbar\u0131 \u00fczerine, b\u00f6lgeye orman ve itfaiye ekipleri y\u00f6nlendirildi. Yang\u0131na karadan araz\u00f6z ve su tankerleriyle m\u00fcdahale edilirken, alevlerin yerle\u015fim alanlar\u0131na s\u0131\u00e7ramamas\u0131 i\u00e7in \u00f6nlem al\u0131nd\u0131. R\u00fczg\u00e2r\u0131n etkisiyle yay\u0131lma riski bulunan yang\u0131n, ekiplerin havadan ve karadan h\u0131zl\u0131 m\u00fcdahalesiyle kontrol alt\u0131na al\u0131nmaya \u00e7al\u0131\u015f\u0131l\u0131yor.<br \/><\/p>\n","protected":false},"excerpt":{"rendered":"<p>Mu\u011fla\u2019n\u0131n Marmaris il\u00e7esinde yerle\u015fim yerlerine yak\u0131n ormanl\u0131k alanda yang\u0131n \u00e7\u0131kt\u0131. Edinilen bilgiye g\u00f6re, Hisar\u00f6n\u00fc Mahallesi\u2019nde, hen\u00fcz belirlenemeyen bir nedenle yerle\u015fim yerine yak\u0131n bir noktada orman yang\u0131n\u0131 \u00e7\u0131kt\u0131. Dumanlar\u0131 fark eden vatanda\u015flar\u0131n ihbar\u0131 \u00fczerine, b\u00f6lgeye orman ve itfaiye ekipleri y\u00f6nlendirildi. Yang\u0131na karadan araz\u00f6z ve su tankerleriyle m\u00fcdahale edilirken, alevlerin yerle\u015fim alanlar\u0131na s\u0131\u00e7ramamas\u0131 i\u00e7in \u00f6nlem al\u0131nd\u0131. R\u00fczg\u00e2r\u0131n&#8230;<\/p>\n","protected":false},"author":1,"featured_media":31735,"comment_status":"open","ping_status":"open","sticky":false,"template":"","format":"standard","meta":{"_crdt_document":"","footnotes":""},"categories":[5],"tags":[],"class_list":["post-31734","post","type-post","status-publish","format-standard","has-post-thumbnail","hentry","category-asayis"],"_links":{"self":[{"href":"https:\/\/www.egemtv.com\/index.php?rest_route=\/wp\/v2\/posts\/31734","targetHints":{"allow":["GET"]}}],"collection":[{"href":"https:\/\/www.egemtv.com\/index.php?rest_route=\/wp\/v2\/posts"}],"about":[{"href":"https:\/\/www.egemtv.com\/index.php?rest_route=\/wp\/v2\/types\/post"}],"author":[{"embeddable":true,"href":"https:\/\/www.egemtv.com\/index.php?rest_route=\/wp\/v2\/users\/1"}],"replies":[{"embeddable":true,"href":"https:\/\/www.egemtv.com\/index.php?rest_route=%2Fwp%2Fv2%2Fcomments&post=31734"}],"version-history":[{"count":1,"href":"https:\/\/www.egemtv.com\/index.php?rest_route=\/wp\/v2\/posts\/31734\/revisions"}],"predecessor-version":[{"id":31736,"href":"https:\/\/www.egemtv.com\/index.php?rest_route=\/wp\/v2\/posts\/31734\/revisions\/31736"}],"wp:featuredmedia":[{"embeddable":true,"href":"https:\/\/www.egemtv.com\/index.php?rest_route=\/wp\/v2\/media\/31735"}],"wp:attachment":[{"href":"https:\/\/www.egemtv.com\/index.php?rest_route=%2Fwp%2Fv2%2Fmedia&parent=31734"}],"wp:term":[{"taxonomy":"category","embeddable":true,"href":"https:\/\/www.egemtv.com\/index.php?rest_route=%2Fwp%2Fv2%2Fcategories&post=31734"},{"taxonomy":"post_tag","embeddable":true,"href":"https:\/\/www.egemtv.com\/index.php?rest_route=%2Fwp%2Fv2%2Ftags&post=31734"}],"curies":[{"name":"wp","href":"https:\/\/api.w.org\/{rel}","templated":true}]}}