{"id":31731,"date":"2025-05-27T15:16:53","date_gmt":"2025-05-27T12:16:53","guid":{"rendered":"https:\/\/www.egemtv.com\/?p=31731"},"modified":"2025-05-27T15:16:58","modified_gmt":"2025-05-27T12:16:58","slug":"kontrolden-cikan-arac-sarampole-devrildi-2-yarali","status":"publish","type":"post","link":"https:\/\/www.egemtv.com\/?p=31731","title":{"rendered":"Kontrolden \u00e7\u0131kan ara\u00e7 \u015farampole devrildi: 2 yaral\u0131"},"content":{"rendered":"<p>Burdur\u2019un Bucak il\u00e7esinde seyir halindeyken kontrolden \u00e7\u0131kan hafif ticari arac\u0131n \u015farampole devrilmesi sonucu 2 ki\u015fi yaraland\u0131.<br \/>\n<br \/>Kaza, saat 10.20 s\u0131ralar\u0131nda Burdur\u2019un Bucak il\u00e7esine ba\u011fl\u0131 Kestel k\u00f6y\u00fc yolunda meydana geldi. Edinilen bilgilere g\u00f6re Mustafa \u00d6.(59) idaresindeki 15 PV 214 plakal\u0131 Opel marka hafif ticari ara\u00e7 s\u00fcr\u00fcc\u00fcs\u00fcn\u00fcn direksiyon hakimiyetini kaybetmesi sonucu kontrolden \u00e7\u0131karak \u015farampole devrildi. Kazada ara\u00e7 i\u00e7erisinde s\u0131k\u0131\u015fan Mustafa \u00d6. ve yolcu olarak bulunan Emine \u00d6.(73) yaraland\u0131. \u00c7evredekilerin 112 Acil \u00c7a\u011fr\u0131 Merkezine ihbar\u0131 \u00fczerine olay yerine itfaiye, sa\u011fl\u0131k ve jandarma ekipleri sevk edildi. Olay yerine gelen itfaiye ekiplerinin \u00e7al\u0131\u015fmalar\u0131 sonucu ara\u00e7tan \u00e7\u0131kar\u0131lan yaral\u0131lar sa\u011fl\u0131k ekiplerinin ilk m\u00fcdahalesinin ard\u0131ndan ambulans ile Bucak Devlet Hastanesi\u2019ne kald\u0131r\u0131ld\u0131. Kaza ile ilgili inceleme ba\u015flat\u0131ld\u0131.<br \/><\/p>\n","protected":false},"excerpt":{"rendered":"<p>Burdur\u2019un Bucak il\u00e7esinde seyir halindeyken kontrolden \u00e7\u0131kan hafif ticari arac\u0131n \u015farampole devrilmesi sonucu 2 ki\u015fi yaraland\u0131. Kaza, saat 10.20 s\u0131ralar\u0131nda Burdur\u2019un Bucak il\u00e7esine ba\u011fl\u0131 Kestel k\u00f6y\u00fc yolunda meydana geldi. Edinilen bilgilere g\u00f6re Mustafa \u00d6.(59) idaresindeki 15 PV 214 plakal\u0131 Opel marka hafif ticari ara\u00e7 s\u00fcr\u00fcc\u00fcs\u00fcn\u00fcn direksiyon hakimiyetini kaybetmesi sonucu kontrolden \u00e7\u0131karak \u015farampole devrildi. Kazada ara\u00e7&#8230;<\/p>\n","protected":false},"author":1,"featured_media":31732,"comment_status":"open","ping_status":"open","sticky":false,"template":"","format":"standard","meta":{"_crdt_document":"","footnotes":""},"categories":[5],"tags":[],"class_list":["post-31731","post","type-post","status-publish","format-standard","has-post-thumbnail","hentry","category-asayis"],"_links":{"self":[{"href":"https:\/\/www.egemtv.com\/index.php?rest_route=\/wp\/v2\/posts\/31731","targetHints":{"allow":["GET"]}}],"collection":[{"href":"https:\/\/www.egemtv.com\/index.php?rest_route=\/wp\/v2\/posts"}],"about":[{"href":"https:\/\/www.egemtv.com\/index.php?rest_route=\/wp\/v2\/types\/post"}],"author":[{"embeddable":true,"href":"https:\/\/www.egemtv.com\/index.php?rest_route=\/wp\/v2\/users\/1"}],"replies":[{"embeddable":true,"href":"https:\/\/www.egemtv.com\/index.php?rest_route=%2Fwp%2Fv2%2Fcomments&post=31731"}],"version-history":[{"count":1,"href":"https:\/\/www.egemtv.com\/index.php?rest_route=\/wp\/v2\/posts\/31731\/revisions"}],"predecessor-version":[{"id":31733,"href":"https:\/\/www.egemtv.com\/index.php?rest_route=\/wp\/v2\/posts\/31731\/revisions\/31733"}],"wp:featuredmedia":[{"embeddable":true,"href":"https:\/\/www.egemtv.com\/index.php?rest_route=\/wp\/v2\/media\/31732"}],"wp:attachment":[{"href":"https:\/\/www.egemtv.com\/index.php?rest_route=%2Fwp%2Fv2%2Fmedia&parent=31731"}],"wp:term":[{"taxonomy":"category","embeddable":true,"href":"https:\/\/www.egemtv.com\/index.php?rest_route=%2Fwp%2Fv2%2Fcategories&post=31731"},{"taxonomy":"post_tag","embeddable":true,"href":"https:\/\/www.egemtv.com\/index.php?rest_route=%2Fwp%2Fv2%2Ftags&post=31731"}],"curies":[{"name":"wp","href":"https:\/\/api.w.org\/{rel}","templated":true}]}}