{"id":31323,"date":"2025-05-25T22:56:44","date_gmt":"2025-05-25T19:56:44","guid":{"rendered":"https:\/\/www.egemtv.com\/?p=31323"},"modified":"2025-05-25T22:56:47","modified_gmt":"2025-05-25T19:56:47","slug":"izmirde-denize-giren-genc-boguldu-arkadaslari-sinir-krizi-gecirdi","status":"publish","type":"post","link":"https:\/\/www.egemtv.com\/?p=31323","title":{"rendered":"\u0130zmir\u2019de denize giren gen\u00e7 bo\u011fuldu, arkada\u015flar\u0131 sinir krizi ge\u00e7irdi"},"content":{"rendered":"<p>\u0130zmir\u2019in \u00c7e\u015fme il\u00e7esinde denize giren 24 ya\u015f\u0131ndaki gen\u00e7 bo\u011fularak hayat\u0131n\u0131 kaybetti. Olay\u0131n ard\u0131ndan gencin arkada\u015flar\u0131 sinir krizi ge\u00e7irdi.<br \/>\n<br \/>Olay, saat 15.30\u2019da \u00c7e\u015fme il\u00e7esine ba\u011fl\u0131 Ala\u00e7at\u0131 Mahallesi\u2019ndeki Deliklikoy\u2019da meydana geldi. Edinilen bilgiye g\u00f6re, arkada\u015flar\u0131yla birlikte denize giren \u015eerif Bilen (24), dalgalara kap\u0131larak g\u00f6zden kayboldu. Olay\u0131n bildirilmesi \u00fczerine b\u00f6lgeye ekipler sevk edildi. K\u0131y\u0131ya \u00e7\u0131kart\u0131lan \u015eerif Bilen\u2018in hayat\u0131n\u0131 kaybetti\u011fi belirlendi. Bilen\u2019in cenazesi, \u0130zmir Adli T\u0131p Kurumu morguna sevk edildi. Talihsiz gencin hayat\u0131n\u0131 kaybetti\u011fini \u00f6\u011frenen arkada\u015flar\u0131 ise sinir krizi ge\u00e7irdi.<br \/><\/p>\n","protected":false},"excerpt":{"rendered":"<p>\u0130zmir\u2019in \u00c7e\u015fme il\u00e7esinde denize giren 24 ya\u015f\u0131ndaki gen\u00e7 bo\u011fularak hayat\u0131n\u0131 kaybetti. Olay\u0131n ard\u0131ndan gencin arkada\u015flar\u0131 sinir krizi ge\u00e7irdi. Olay, saat 15.30\u2019da \u00c7e\u015fme il\u00e7esine ba\u011fl\u0131 Ala\u00e7at\u0131 Mahallesi\u2019ndeki Deliklikoy\u2019da meydana geldi. Edinilen bilgiye g\u00f6re, arkada\u015flar\u0131yla birlikte denize giren \u015eerif Bilen (24), dalgalara kap\u0131larak g\u00f6zden kayboldu. Olay\u0131n bildirilmesi \u00fczerine b\u00f6lgeye ekipler sevk edildi. K\u0131y\u0131ya \u00e7\u0131kart\u0131lan \u015eerif Bilen\u2018in hayat\u0131n\u0131&#8230;<\/p>\n","protected":false},"author":1,"featured_media":31324,"comment_status":"open","ping_status":"open","sticky":false,"template":"","format":"standard","meta":{"_crdt_document":"","footnotes":""},"categories":[5],"tags":[],"class_list":["post-31323","post","type-post","status-publish","format-standard","has-post-thumbnail","hentry","category-asayis"],"_links":{"self":[{"href":"https:\/\/www.egemtv.com\/index.php?rest_route=\/wp\/v2\/posts\/31323","targetHints":{"allow":["GET"]}}],"collection":[{"href":"https:\/\/www.egemtv.com\/index.php?rest_route=\/wp\/v2\/posts"}],"about":[{"href":"https:\/\/www.egemtv.com\/index.php?rest_route=\/wp\/v2\/types\/post"}],"author":[{"embeddable":true,"href":"https:\/\/www.egemtv.com\/index.php?rest_route=\/wp\/v2\/users\/1"}],"replies":[{"embeddable":true,"href":"https:\/\/www.egemtv.com\/index.php?rest_route=%2Fwp%2Fv2%2Fcomments&post=31323"}],"version-history":[{"count":1,"href":"https:\/\/www.egemtv.com\/index.php?rest_route=\/wp\/v2\/posts\/31323\/revisions"}],"predecessor-version":[{"id":31325,"href":"https:\/\/www.egemtv.com\/index.php?rest_route=\/wp\/v2\/posts\/31323\/revisions\/31325"}],"wp:featuredmedia":[{"embeddable":true,"href":"https:\/\/www.egemtv.com\/index.php?rest_route=\/wp\/v2\/media\/31324"}],"wp:attachment":[{"href":"https:\/\/www.egemtv.com\/index.php?rest_route=%2Fwp%2Fv2%2Fmedia&parent=31323"}],"wp:term":[{"taxonomy":"category","embeddable":true,"href":"https:\/\/www.egemtv.com\/index.php?rest_route=%2Fwp%2Fv2%2Fcategories&post=31323"},{"taxonomy":"post_tag","embeddable":true,"href":"https:\/\/www.egemtv.com\/index.php?rest_route=%2Fwp%2Fv2%2Ftags&post=31323"}],"curies":[{"name":"wp","href":"https:\/\/api.w.org\/{rel}","templated":true}]}}