{"id":31320,"date":"2025-05-25T22:56:38","date_gmt":"2025-05-25T19:56:38","guid":{"rendered":"https:\/\/www.egemtv.com\/?p=31320"},"modified":"2025-05-25T22:56:43","modified_gmt":"2025-05-25T19:56:43","slug":"aydin-buyuksehirin-kurdugu-dev-ekranda-izlediler-sampiyonlugu-kutladilar","status":"publish","type":"post","link":"https:\/\/www.egemtv.com\/?p=31320","title":{"rendered":"Ayd\u0131n B\u00fcy\u00fck\u015fehir\u2019in kurdu\u011fu dev ekranda izlediler, \u015fampiyonlu\u011fu kutlad\u0131lar"},"content":{"rendered":"<p>Fenerbah\u00e7e, Monaco\u2019yu yenerek 8 y\u0131l aradan sonra EuroLeague \u015fampiyonu olurken, Ayd\u0131n\u2019daki Fenerbah\u00e7eliler ma\u00e7\u0131 B\u00fcy\u00fck\u015fehir Belediyesi\u2019nin kurdu\u011fu dev ekrandan takip etti.<\/p>\n<p>Fenerbah\u00e7e Beko ile Monaco, EuroLeague final ma\u00e7\u0131nda kar\u015f\u0131la\u015ft\u0131. Abu Dabi\u2019de oynanan kar\u015f\u0131la\u015fmada AS Monaco\u2019yu 81-70 ma\u011flup eden Fenerbah\u00e7e, EuroLeague \u015fampiyonu olarak taraftarlar\u0131n\u0131 sevince bo\u011fdu. Ayd\u0131n B\u00fcy\u00fck\u015fehir Belediyesi taraf\u0131ndan Atat\u00fcrk Kent Meydan\u0131\u2019nda kurulan dev ekrandan ma\u00e7\u0131 takip eden taraftarlar, ma\u00e7\u0131n biti\u015f d\u00fcd\u00fc\u011f\u00fc ile birlikte b\u00fcy\u00fck bir sevince bo\u011fuldu. Taraftarlar ma\u00e7 sonras\u0131 Ayd\u0131n sokaklar\u0131nda \u015fampiyonlu\u011fu kutlarken, ma\u00e7\u0131 dev ekranda izlemelerini sa\u011flayan Ayd\u0131n B\u00fcy\u00fck\u015fehir Belediyesi \u00d6zlem \u00c7er\u00e7io\u011flu\u2019na da te\u015fekk\u00fcr etti.<br \/><\/p>\n","protected":false},"excerpt":{"rendered":"<p>Fenerbah\u00e7e, Monaco\u2019yu yenerek 8 y\u0131l aradan sonra EuroLeague \u015fampiyonu olurken, Ayd\u0131n\u2019daki Fenerbah\u00e7eliler ma\u00e7\u0131 B\u00fcy\u00fck\u015fehir Belediyesi\u2019nin kurdu\u011fu dev ekrandan takip etti. Fenerbah\u00e7e Beko ile Monaco, EuroLeague final ma\u00e7\u0131nda kar\u015f\u0131la\u015ft\u0131. Abu Dabi\u2019de oynanan kar\u015f\u0131la\u015fmada AS Monaco\u2019yu 81-70 ma\u011flup eden Fenerbah\u00e7e, EuroLeague \u015fampiyonu olarak taraftarlar\u0131n\u0131 sevince bo\u011fdu. Ayd\u0131n B\u00fcy\u00fck\u015fehir Belediyesi taraf\u0131ndan Atat\u00fcrk Kent Meydan\u0131\u2019nda kurulan dev ekrandan ma\u00e7\u0131&#8230;<\/p>\n","protected":false},"author":1,"featured_media":31321,"comment_status":"open","ping_status":"open","sticky":false,"template":"","format":"standard","meta":{"_crdt_document":"","footnotes":""},"categories":[1],"tags":[],"class_list":["post-31320","post","type-post","status-publish","format-standard","has-post-thumbnail","hentry","category-guncel"],"_links":{"self":[{"href":"https:\/\/www.egemtv.com\/index.php?rest_route=\/wp\/v2\/posts\/31320","targetHints":{"allow":["GET"]}}],"collection":[{"href":"https:\/\/www.egemtv.com\/index.php?rest_route=\/wp\/v2\/posts"}],"about":[{"href":"https:\/\/www.egemtv.com\/index.php?rest_route=\/wp\/v2\/types\/post"}],"author":[{"embeddable":true,"href":"https:\/\/www.egemtv.com\/index.php?rest_route=\/wp\/v2\/users\/1"}],"replies":[{"embeddable":true,"href":"https:\/\/www.egemtv.com\/index.php?rest_route=%2Fwp%2Fv2%2Fcomments&post=31320"}],"version-history":[{"count":1,"href":"https:\/\/www.egemtv.com\/index.php?rest_route=\/wp\/v2\/posts\/31320\/revisions"}],"predecessor-version":[{"id":31322,"href":"https:\/\/www.egemtv.com\/index.php?rest_route=\/wp\/v2\/posts\/31320\/revisions\/31322"}],"wp:featuredmedia":[{"embeddable":true,"href":"https:\/\/www.egemtv.com\/index.php?rest_route=\/wp\/v2\/media\/31321"}],"wp:attachment":[{"href":"https:\/\/www.egemtv.com\/index.php?rest_route=%2Fwp%2Fv2%2Fmedia&parent=31320"}],"wp:term":[{"taxonomy":"category","embeddable":true,"href":"https:\/\/www.egemtv.com\/index.php?rest_route=%2Fwp%2Fv2%2Fcategories&post=31320"},{"taxonomy":"post_tag","embeddable":true,"href":"https:\/\/www.egemtv.com\/index.php?rest_route=%2Fwp%2Fv2%2Ftags&post=31320"}],"curies":[{"name":"wp","href":"https:\/\/api.w.org\/{rel}","templated":true}]}}