{"id":31317,"date":"2025-05-25T22:56:35","date_gmt":"2025-05-25T19:56:35","guid":{"rendered":"https:\/\/www.egemtv.com\/?p=31317"},"modified":"2025-05-25T22:56:38","modified_gmt":"2025-05-25T19:56:38","slug":"virajda-iki-motosiklet-kafa-kafaya-carpisti-1-olu-1-agir-yarali","status":"publish","type":"post","link":"https:\/\/www.egemtv.com\/?p=31317","title":{"rendered":"Virajda iki motosiklet kafa kafaya \u00e7arp\u0131\u015ft\u0131: 1 \u00f6l\u00fc, 1 a\u011f\u0131r yaral\u0131"},"content":{"rendered":"<p>Denizli\u2019de viraja h\u0131zl\u0131 giren iki motosiklet kafa kafaya \u00e7arp\u0131\u015ft\u0131. Kazada 18 ya\u015f\u0131ndaki s\u00fcr\u00fcc\u00fc hayat\u0131n\u0131 kaybederken, arkada\u015f\u0131 olan di\u011fer motosiklet s\u00fcr\u00fcc\u00fcs\u00fc de a\u011f\u0131r yaraland\u0131.<br \/>\n<br \/>Kaza, Pamukkale il\u00e7esi \u0130zmir-Isparta ba\u011flant\u0131 yolunda meydana geldi. Edinilen bilgilere g\u00f6re, sabah erken saatlerde arkada\u015f\u0131ndan ald\u0131\u011f\u0131 motosikletle ters y\u00f6nden gelerek viraja h\u0131zl\u0131 giren Arda Alda\u015f\u2019\u0131n (18) kulland\u0131\u011f\u0131 20 AHR 391 plakal\u0131 motosiklet, viraja girmek isteyen arkada\u015f\u0131 Ekrem Akba\u015f idaresindeki 20 AGS 711 plakal\u0131 motosikletle kafa kafaya \u00e7arp\u0131\u015ft\u0131. \u00c7arp\u0131\u015fman\u0131n etkisiyle iki motosiklet s\u00fcr\u00fcc\u00fcs\u00fc de savrulurken, ara\u00e7lar hurdaya d\u00f6nd\u00fc. Durumu fark eden arkada\u015flar\u0131 112 Acil \u00c7a\u011fr\u0131 Merkezi\u2019ni arad\u0131. \u0130hbar \u00fczerine b\u00f6lgeye jandarma, polis ve sa\u011fl\u0131k ekipleri sevk edildi. B\u00f6lgeye gelen sa\u011fl\u0131k ekipleri, yaral\u0131 gen\u00e7leri ilk m\u00fcdahalenin ard\u0131ndan ambulansla Pamukkale \u00dcniversite Hastanesine sevk etti. Arda Alda\u015f hastanede yap\u0131lan t\u00fcm m\u00fcdahalelere ra\u011fmen kurtar\u0131lmayarak hayat\u0131n\u0131 kaybederken, arkada\u015f\u0131 Ekrem Akba\u015f\u2019\u0131n ise v\u00fccudunun fark noktalar\u0131nda 7 k\u0131r\u0131\u011f\u0131n oldu\u011fu ve hayati tehlikesinin devam etti\u011fi \u00f6\u011frenildi. Arda Alda\u015f\u2019\u0131n cenazesi, otopsi yap\u0131lmak \u00fczere Denizli Adli T\u0131p Kurumu morguna kald\u0131r\u0131ld\u0131.<br \/>\n<br \/>Hayat\u0131n\u0131 kaybeden Arda Alda\u015f\u2019\u0131n cenazesinin yar\u0131n memleketi U\u015fak\u2019\u0131n E\u015fme il\u00e7esine ba\u011fl\u0131 Karaahmetli k\u00f6y\u00fcnde topra\u011fa verilece\u011f\u0131 \u00f6\u011frenildi. Kazayla ilgili soru\u015fturma ba\u015flat\u0131ld\u0131.<br \/><\/p>\n","protected":false},"excerpt":{"rendered":"<p>Denizli\u2019de viraja h\u0131zl\u0131 giren iki motosiklet kafa kafaya \u00e7arp\u0131\u015ft\u0131. Kazada 18 ya\u015f\u0131ndaki s\u00fcr\u00fcc\u00fc hayat\u0131n\u0131 kaybederken, arkada\u015f\u0131 olan di\u011fer motosiklet s\u00fcr\u00fcc\u00fcs\u00fc de a\u011f\u0131r yaraland\u0131. Kaza, Pamukkale il\u00e7esi \u0130zmir-Isparta ba\u011flant\u0131 yolunda meydana geldi. Edinilen bilgilere g\u00f6re, sabah erken saatlerde arkada\u015f\u0131ndan ald\u0131\u011f\u0131 motosikletle ters y\u00f6nden gelerek viraja h\u0131zl\u0131 giren Arda Alda\u015f\u2019\u0131n (18) kulland\u0131\u011f\u0131 20 AHR 391 plakal\u0131 motosiklet,&#8230;<\/p>\n","protected":false},"author":1,"featured_media":31318,"comment_status":"open","ping_status":"open","sticky":false,"template":"","format":"standard","meta":{"_crdt_document":"","footnotes":""},"categories":[5],"tags":[],"class_list":["post-31317","post","type-post","status-publish","format-standard","has-post-thumbnail","hentry","category-asayis"],"_links":{"self":[{"href":"https:\/\/www.egemtv.com\/index.php?rest_route=\/wp\/v2\/posts\/31317","targetHints":{"allow":["GET"]}}],"collection":[{"href":"https:\/\/www.egemtv.com\/index.php?rest_route=\/wp\/v2\/posts"}],"about":[{"href":"https:\/\/www.egemtv.com\/index.php?rest_route=\/wp\/v2\/types\/post"}],"author":[{"embeddable":true,"href":"https:\/\/www.egemtv.com\/index.php?rest_route=\/wp\/v2\/users\/1"}],"replies":[{"embeddable":true,"href":"https:\/\/www.egemtv.com\/index.php?rest_route=%2Fwp%2Fv2%2Fcomments&post=31317"}],"version-history":[{"count":1,"href":"https:\/\/www.egemtv.com\/index.php?rest_route=\/wp\/v2\/posts\/31317\/revisions"}],"predecessor-version":[{"id":31319,"href":"https:\/\/www.egemtv.com\/index.php?rest_route=\/wp\/v2\/posts\/31317\/revisions\/31319"}],"wp:featuredmedia":[{"embeddable":true,"href":"https:\/\/www.egemtv.com\/index.php?rest_route=\/wp\/v2\/media\/31318"}],"wp:attachment":[{"href":"https:\/\/www.egemtv.com\/index.php?rest_route=%2Fwp%2Fv2%2Fmedia&parent=31317"}],"wp:term":[{"taxonomy":"category","embeddable":true,"href":"https:\/\/www.egemtv.com\/index.php?rest_route=%2Fwp%2Fv2%2Fcategories&post=31317"},{"taxonomy":"post_tag","embeddable":true,"href":"https:\/\/www.egemtv.com\/index.php?rest_route=%2Fwp%2Fv2%2Ftags&post=31317"}],"curies":[{"name":"wp","href":"https:\/\/api.w.org\/{rel}","templated":true}]}}