{"id":31314,"date":"2025-05-25T22:12:40","date_gmt":"2025-05-25T19:12:40","guid":{"rendered":"https:\/\/www.egemtv.com\/?p=31314"},"modified":"2025-05-25T22:12:44","modified_gmt":"2025-05-25T19:12:44","slug":"afyonkarahisarda-orman-yangini","status":"publish","type":"post","link":"https:\/\/www.egemtv.com\/?p=31314","title":{"rendered":"Afyonkarahisar\u2019da orman yang\u0131n\u0131"},"content":{"rendered":"<p>Afyonkarahisar\u2019\u0131n Sinanpa\u015fa il\u00e7esinde \u00e7\u0131kan yang\u0131nda 20 bin metrekarelik alan k\u00fcl oldu.<br \/>\n<br \/>Edinilen bilgiye g\u00f6re, Sinanpa\u015fa il\u00e7esine ba\u011fl\u0131 Y\u00f6r\u00fckmezar\u0131 mevkiinde ak\u015fam saatlerinde hen\u00fcz belirlenemeyen bir sebeple yang\u0131n \u00e7\u0131kt\u0131. K\u0131sa s\u00fcrede yay\u0131lan alevler, yakla\u015f\u0131k 20 bin metrekarelik alan\u0131 etkisi alt\u0131na ald\u0131. \u0130hbar \u00fczerine olay yerine sevk edilen itfaiye ekipleri, alevlere h\u0131zla m\u00fcdahale ederek yang\u0131n\u0131 kontrol alt\u0131na ald\u0131. So\u011futma \u00e7al\u0131\u015fmalar\u0131n\u0131n s\u00fcrd\u00fc\u011f\u00fc b\u00f6lgede 20 bin metrekarelik alan zarar g\u00f6rd\u00fc.<br \/>\n<br \/>Yetkililer, yang\u0131n\u0131n sebebinin yap\u0131lacak incelemeler sonucu belirlenece\u011fini ifade ettiler.<br \/><\/p>\n","protected":false},"excerpt":{"rendered":"<p>Afyonkarahisar\u2019\u0131n Sinanpa\u015fa il\u00e7esinde \u00e7\u0131kan yang\u0131nda 20 bin metrekarelik alan k\u00fcl oldu. Edinilen bilgiye g\u00f6re, Sinanpa\u015fa il\u00e7esine ba\u011fl\u0131 Y\u00f6r\u00fckmezar\u0131 mevkiinde ak\u015fam saatlerinde hen\u00fcz belirlenemeyen bir sebeple yang\u0131n \u00e7\u0131kt\u0131. K\u0131sa s\u00fcrede yay\u0131lan alevler, yakla\u015f\u0131k 20 bin metrekarelik alan\u0131 etkisi alt\u0131na ald\u0131. \u0130hbar \u00fczerine olay yerine sevk edilen itfaiye ekipleri, alevlere h\u0131zla m\u00fcdahale ederek yang\u0131n\u0131 kontrol alt\u0131na ald\u0131&#8230;.<\/p>\n","protected":false},"author":1,"featured_media":31315,"comment_status":"open","ping_status":"open","sticky":false,"template":"","format":"standard","meta":{"_crdt_document":"","footnotes":""},"categories":[5],"tags":[],"class_list":["post-31314","post","type-post","status-publish","format-standard","has-post-thumbnail","hentry","category-asayis"],"_links":{"self":[{"href":"https:\/\/www.egemtv.com\/index.php?rest_route=\/wp\/v2\/posts\/31314","targetHints":{"allow":["GET"]}}],"collection":[{"href":"https:\/\/www.egemtv.com\/index.php?rest_route=\/wp\/v2\/posts"}],"about":[{"href":"https:\/\/www.egemtv.com\/index.php?rest_route=\/wp\/v2\/types\/post"}],"author":[{"embeddable":true,"href":"https:\/\/www.egemtv.com\/index.php?rest_route=\/wp\/v2\/users\/1"}],"replies":[{"embeddable":true,"href":"https:\/\/www.egemtv.com\/index.php?rest_route=%2Fwp%2Fv2%2Fcomments&post=31314"}],"version-history":[{"count":1,"href":"https:\/\/www.egemtv.com\/index.php?rest_route=\/wp\/v2\/posts\/31314\/revisions"}],"predecessor-version":[{"id":31316,"href":"https:\/\/www.egemtv.com\/index.php?rest_route=\/wp\/v2\/posts\/31314\/revisions\/31316"}],"wp:featuredmedia":[{"embeddable":true,"href":"https:\/\/www.egemtv.com\/index.php?rest_route=\/wp\/v2\/media\/31315"}],"wp:attachment":[{"href":"https:\/\/www.egemtv.com\/index.php?rest_route=%2Fwp%2Fv2%2Fmedia&parent=31314"}],"wp:term":[{"taxonomy":"category","embeddable":true,"href":"https:\/\/www.egemtv.com\/index.php?rest_route=%2Fwp%2Fv2%2Fcategories&post=31314"},{"taxonomy":"post_tag","embeddable":true,"href":"https:\/\/www.egemtv.com\/index.php?rest_route=%2Fwp%2Fv2%2Ftags&post=31314"}],"curies":[{"name":"wp","href":"https:\/\/api.w.org\/{rel}","templated":true}]}}