{"id":31311,"date":"2025-05-25T20:38:47","date_gmt":"2025-05-25T17:38:47","guid":{"rendered":"https:\/\/www.egemtv.com\/?p=31311"},"modified":"2025-05-25T20:38:51","modified_gmt":"2025-05-25T17:38:51","slug":"bodrumda-polise-saldiran-supheliler-serbest-birakildi","status":"publish","type":"post","link":"https:\/\/www.egemtv.com\/?p=31311","title":{"rendered":"Bodrum\u2019da polise sald\u0131ran \u015f\u00fcpheliler serbest b\u0131rak\u0131ld\u0131"},"content":{"rendered":"<p>Mu\u011fla\u2019n\u0131n Bodrum il\u00e7esinde polis ekiplerine sald\u0131ran \u015f\u00fcpheliler, mahkeme taraf\u0131ndan adli kontrol \u015fart\u0131 ile serbest b\u0131rak\u0131ld\u0131.<br \/>\n<br \/>Edinilen bilgiye g\u00f6re, d\u00fcn ak\u015fam Konac\u0131k Atat\u00fcrk Bulvar\u0131\u2019nda makas atarak seyreden arac\u0131n durumundan \u015f\u00fcphelenen polis ekibi, arac\u0131 Konac\u0131k Zab\u0131ta Kav\u015fa\u011f\u0131\u2019nda durdurdu. Yap\u0131lan kontrolde s\u00fcr\u00fcc\u00fc A.C.\u2019nin 1.35 promil alkoll\u00fc oldu\u011fu tespit edildi. Cezai i\u015flem yap\u0131ld\u0131\u011f\u0131 s\u0131rada alkoll\u00fc s\u00fcr\u00fcc\u00fc polise tekme atarken, otomobildeki di\u011fer \u015fah\u0131slar da polise sald\u0131rd\u0131. \u015eah\u0131slar\u0131n polise hakaret edip fiziki m\u00fcdahalede bulunmalar\u0131 \u00fczerine b\u00f6lgeye takviye polis ekipleri sevk edildi. Olayda 3 polis hafif \u015fekilde yaralan\u0131rken, \u015fah\u0131slar g\u00f6zalt\u0131na al\u0131nd\u0131. Ehliyetine el konulan ve 18 bin TL idari para cezas\u0131 kesilen s\u00fcr\u00fcc\u00fc A.\u00c7. ile arkada\u015flar\u0131 E.Y. ve M.\u00c7., karakoldaki i\u015flemlerinin ard\u0131ndan adliyeye sevk edildi. 3 \u015f\u00fcpheli, \u00e7\u0131kar\u0131ld\u0131klar\u0131 mahkemece adli kontrol \u015fart\u0131yla serbest b\u0131rak\u0131ld\u0131.<br \/><\/p>\n","protected":false},"excerpt":{"rendered":"<p>Mu\u011fla\u2019n\u0131n Bodrum il\u00e7esinde polis ekiplerine sald\u0131ran \u015f\u00fcpheliler, mahkeme taraf\u0131ndan adli kontrol \u015fart\u0131 ile serbest b\u0131rak\u0131ld\u0131. Edinilen bilgiye g\u00f6re, d\u00fcn ak\u015fam Konac\u0131k Atat\u00fcrk Bulvar\u0131\u2019nda makas atarak seyreden arac\u0131n durumundan \u015f\u00fcphelenen polis ekibi, arac\u0131 Konac\u0131k Zab\u0131ta Kav\u015fa\u011f\u0131\u2019nda durdurdu. Yap\u0131lan kontrolde s\u00fcr\u00fcc\u00fc A.C.\u2019nin 1.35 promil alkoll\u00fc oldu\u011fu tespit edildi. Cezai i\u015flem yap\u0131ld\u0131\u011f\u0131 s\u0131rada alkoll\u00fc s\u00fcr\u00fcc\u00fc polise tekme atarken,&#8230;<\/p>\n","protected":false},"author":1,"featured_media":31312,"comment_status":"open","ping_status":"open","sticky":false,"template":"","format":"standard","meta":{"_crdt_document":"","footnotes":""},"categories":[5],"tags":[],"class_list":["post-31311","post","type-post","status-publish","format-standard","has-post-thumbnail","hentry","category-asayis"],"_links":{"self":[{"href":"https:\/\/www.egemtv.com\/index.php?rest_route=\/wp\/v2\/posts\/31311","targetHints":{"allow":["GET"]}}],"collection":[{"href":"https:\/\/www.egemtv.com\/index.php?rest_route=\/wp\/v2\/posts"}],"about":[{"href":"https:\/\/www.egemtv.com\/index.php?rest_route=\/wp\/v2\/types\/post"}],"author":[{"embeddable":true,"href":"https:\/\/www.egemtv.com\/index.php?rest_route=\/wp\/v2\/users\/1"}],"replies":[{"embeddable":true,"href":"https:\/\/www.egemtv.com\/index.php?rest_route=%2Fwp%2Fv2%2Fcomments&post=31311"}],"version-history":[{"count":1,"href":"https:\/\/www.egemtv.com\/index.php?rest_route=\/wp\/v2\/posts\/31311\/revisions"}],"predecessor-version":[{"id":31313,"href":"https:\/\/www.egemtv.com\/index.php?rest_route=\/wp\/v2\/posts\/31311\/revisions\/31313"}],"wp:featuredmedia":[{"embeddable":true,"href":"https:\/\/www.egemtv.com\/index.php?rest_route=\/wp\/v2\/media\/31312"}],"wp:attachment":[{"href":"https:\/\/www.egemtv.com\/index.php?rest_route=%2Fwp%2Fv2%2Fmedia&parent=31311"}],"wp:term":[{"taxonomy":"category","embeddable":true,"href":"https:\/\/www.egemtv.com\/index.php?rest_route=%2Fwp%2Fv2%2Fcategories&post=31311"},{"taxonomy":"post_tag","embeddable":true,"href":"https:\/\/www.egemtv.com\/index.php?rest_route=%2Fwp%2Fv2%2Ftags&post=31311"}],"curies":[{"name":"wp","href":"https:\/\/api.w.org\/{rel}","templated":true}]}}