{"id":31308,"date":"2025-05-25T20:38:42","date_gmt":"2025-05-25T17:38:42","guid":{"rendered":"https:\/\/www.egemtv.com\/?p=31308"},"modified":"2025-05-25T20:38:46","modified_gmt":"2025-05-25T17:38:46","slug":"gocenolukta-yagmur-duasi-ve-sila-i-rahim-etkinligi","status":"publish","type":"post","link":"https:\/\/www.egemtv.com\/?p=31308","title":{"rendered":"G\u00f6cenoluk\u2019ta ya\u011fmur duas\u0131 ve s\u0131la-i rahim etkinli\u011fi"},"content":{"rendered":"<p>Merkezi Eski\u015fehir\u2019de bulunan G\u00f6cenoluk K\u00f6yl\u00fcleri K\u00fclt\u00fcr Geli\u015ftirme ve Sosyal Yard\u0131mla\u015fma Derne\u011fi, K\u00fctahya\u2019n\u0131n G\u00f6cenoluk Mahallesi Muhtarl\u0131\u011f\u0131 ile birlikte ya\u011fmur duas\u0131 ve s\u0131la-i rahim etkinli\u011fi d\u00fczenledi.<br \/>\n<br \/>Etkinlik, G\u00f6cenoluk Camii\u2019nde imam hatiplerin okudu\u011fu Mevlid-i \u015eerif ile ba\u015flad\u0131. Ard\u0131ndan k\u00f6y okulunun bah\u00e7esinde toplanan kalabal\u0131k, hep birlikte ya\u011fmur duas\u0131 yapt\u0131. Toplumsal ba\u011flar\u0131n g\u00fc\u00e7lendirilmesi a\u00e7\u0131s\u0131ndan \u00f6nemli bir gelenek olan s\u0131la-i rahimin \u00f6nemine dikkat \u00e7eken emekli m\u00fcft\u00fc \u0130smail Hakk\u0131 Dere, kat\u0131l\u0131mc\u0131lara tavsiyelerde bulunarak, akrabal\u0131k ba\u011flar\u0131n\u0131n korunmas\u0131n\u0131n toplumun temel dinamiklerinden biri oldu\u011funu vurgulad\u0131.<br \/>\n<br \/>G\u00f6cenoluk K\u00f6yl\u00fcleri K\u00fclt\u00fcr Geli\u015ftirme ve Sosyal Yard\u0131mla\u015fma Derne\u011fi Ba\u015fkan\u0131 \u015eenol \u00c7am, etkinli\u011fe her y\u0131l artan kat\u0131l\u0131m\u0131n kendilerini memnun etti\u011fini belirterek, &#8220;K\u00f6y\u00fcm\u00fcz K\u00fctahya\u2019ya 41, Eski\u015fehir\u2019e ise 100 kilometre uzakl\u0131kta. Bu y\u0131l s\u0131la-i rahim etkinli\u011fimizin 12\u2019ncisini ger\u00e7ekle\u015ftirdik. Bu ilgiden b\u00fcy\u00fck mutluluk duyuyoruz&#8221; dedi.<br \/>\n<br \/>G\u00f6cenoluk Mahallesi Muhtar\u0131 Nas\u0131f \u015e\u00fckr\u00fc \u00d6zyavuz da, yo\u011fun kat\u0131l\u0131mdan dolay\u0131 t\u00fcm G\u00f6cenoluklulara te\u015fekk\u00fcr etti.<br \/>\n<br \/>Etkinlik, okul bah\u00e7esinde kat\u0131l\u0131mc\u0131lara ikram edilen toplu yemekle sona erdi. Programa Seyitgazi Belediye Ba\u015fkan\u0131 U\u011fur Tepe, AK Parti Seyitgazi \u0130l\u00e7e Ba\u015fkan\u0131 \u00d6zcan Y\u0131ld\u0131z, Seyitgazi Ziraat Odas\u0131 Ba\u015fkan\u0131 Erhan Erden ve Seyitgazi Muhtarlar Derne\u011fi Ba\u015fkan\u0131 Hasan \u00c7ak\u0131r da kat\u0131ld\u0131.<br \/><\/p>\n","protected":false},"excerpt":{"rendered":"<p>Merkezi Eski\u015fehir\u2019de bulunan G\u00f6cenoluk K\u00f6yl\u00fcleri K\u00fclt\u00fcr Geli\u015ftirme ve Sosyal Yard\u0131mla\u015fma Derne\u011fi, K\u00fctahya\u2019n\u0131n G\u00f6cenoluk Mahallesi Muhtarl\u0131\u011f\u0131 ile birlikte ya\u011fmur duas\u0131 ve s\u0131la-i rahim etkinli\u011fi d\u00fczenledi. Etkinlik, G\u00f6cenoluk Camii\u2019nde imam hatiplerin okudu\u011fu Mevlid-i \u015eerif ile ba\u015flad\u0131. Ard\u0131ndan k\u00f6y okulunun bah\u00e7esinde toplanan kalabal\u0131k, hep birlikte ya\u011fmur duas\u0131 yapt\u0131. Toplumsal ba\u011flar\u0131n g\u00fc\u00e7lendirilmesi a\u00e7\u0131s\u0131ndan \u00f6nemli bir gelenek olan s\u0131la-i rahimin&#8230;<\/p>\n","protected":false},"author":1,"featured_media":31309,"comment_status":"open","ping_status":"open","sticky":false,"template":"","format":"standard","meta":{"_crdt_document":"","footnotes":""},"categories":[123],"tags":[],"class_list":["post-31308","post","type-post","status-publish","format-standard","has-post-thumbnail","hentry","category-gundem"],"_links":{"self":[{"href":"https:\/\/www.egemtv.com\/index.php?rest_route=\/wp\/v2\/posts\/31308","targetHints":{"allow":["GET"]}}],"collection":[{"href":"https:\/\/www.egemtv.com\/index.php?rest_route=\/wp\/v2\/posts"}],"about":[{"href":"https:\/\/www.egemtv.com\/index.php?rest_route=\/wp\/v2\/types\/post"}],"author":[{"embeddable":true,"href":"https:\/\/www.egemtv.com\/index.php?rest_route=\/wp\/v2\/users\/1"}],"replies":[{"embeddable":true,"href":"https:\/\/www.egemtv.com\/index.php?rest_route=%2Fwp%2Fv2%2Fcomments&post=31308"}],"version-history":[{"count":1,"href":"https:\/\/www.egemtv.com\/index.php?rest_route=\/wp\/v2\/posts\/31308\/revisions"}],"predecessor-version":[{"id":31310,"href":"https:\/\/www.egemtv.com\/index.php?rest_route=\/wp\/v2\/posts\/31308\/revisions\/31310"}],"wp:featuredmedia":[{"embeddable":true,"href":"https:\/\/www.egemtv.com\/index.php?rest_route=\/wp\/v2\/media\/31309"}],"wp:attachment":[{"href":"https:\/\/www.egemtv.com\/index.php?rest_route=%2Fwp%2Fv2%2Fmedia&parent=31308"}],"wp:term":[{"taxonomy":"category","embeddable":true,"href":"https:\/\/www.egemtv.com\/index.php?rest_route=%2Fwp%2Fv2%2Fcategories&post=31308"},{"taxonomy":"post_tag","embeddable":true,"href":"https:\/\/www.egemtv.com\/index.php?rest_route=%2Fwp%2Fv2%2Ftags&post=31308"}],"curies":[{"name":"wp","href":"https:\/\/api.w.org\/{rel}","templated":true}]}}