{"id":31305,"date":"2025-05-25T20:24:15","date_gmt":"2025-05-25T17:24:15","guid":{"rendered":"https:\/\/www.egemtv.com\/?p=31305"},"modified":"2025-05-25T20:24:20","modified_gmt":"2025-05-25T17:24:20","slug":"liseli-kizlarin-sosyal-medya-kavgasini-ayirmak-icin-araya-giren-2-kiz-bicaklandi","status":"publish","type":"post","link":"https:\/\/www.egemtv.com\/?p=31305","title":{"rendered":"Liseli k\u0131zlar\u0131n sosyal medya kavgas\u0131n\u0131 ay\u0131rmak i\u00e7in araya giren 2 k\u0131z b\u0131\u00e7akland\u0131"},"content":{"rendered":"<p>Burdur\u2019un Bucak il\u00e7esinde liseli iki k\u0131z aras\u0131nda sosyal medya y\u00fcz\u00fcnden \u00e7\u0131kan kavgay\u0131 ay\u0131rmaya \u00e7al\u0131\u015fan 2 gen\u00e7 k\u0131z b\u0131\u00e7akland\u0131. K\u0131zlardan birinin hayati tehlikesinin oldu\u011fu \u00f6\u011frenildi.<br \/>\n<br \/>Olay, saat 16.40 s\u0131ralar\u0131nda Bucak il\u00e7esi Yeni Mahalle Ya\u015fam Park\u0131\u2019nda meydana geldi. Edinilen bilgilere g\u00f6re, A.S. (18) erkek arkada\u015f\u0131n\u0131n sosyal medya \u00fczerinden eklenmesi nedeniyle \u0130.K. (18) adl\u0131 k\u0131z ile parkta tart\u0131\u015fmaya ba\u015flad\u0131. Tart\u0131\u015fman\u0131n k\u0131sa s\u00fcrede kavgaya d\u00f6n\u00fc\u015fmesinin ard\u0131ndan parkta bulunan B.V.D. (18) ve A.C.C. (16), taraflar\u0131 ay\u0131rmak i\u00e7in araya girdi. Ancak A.S., yan\u0131nda bulunan b\u0131\u00e7akla B.V.D.\u2019yi kar\u0131n ve boyun b\u00f6lgesinden, A.C.C.\u2019yi ise ka\u015f\u0131ndan b\u0131\u00e7aklayarak yaralad\u0131. \u00c7evredekilerin 112 Acil \u00c7a\u011fr\u0131 Merkez\u2019ine ihbar\u0131 \u00fczerine olay yerine sa\u011fl\u0131k ve polis ekipleri sevk edildi. Olay yerine gelen sa\u011fl\u0131k ekiplerinin ilk m\u00fcdahalesinin ard\u0131ndan yaral\u0131lar ambulansla Bucak Devlet Hastanesi\u2019ne kald\u0131r\u0131ld\u0131. \u015e\u00fcpheli A.S. polis ekipleri taraf\u0131ndan su\u00e7 aleti ile yakalanarak g\u00f6zalt\u0131na al\u0131n\u0131rken, hastanede tedavi alt\u0131na al\u0131nan B.V.D.\u2019nin hayati tehlikesinin s\u00fcrd\u00fc\u011f\u00fc \u00f6\u011frenildi.<br \/>\n<br \/>Olayla ilgili tahkikat s\u00fcr\u00fcyor.<br \/><\/p>\n","protected":false},"excerpt":{"rendered":"<p>Burdur\u2019un Bucak il\u00e7esinde liseli iki k\u0131z aras\u0131nda sosyal medya y\u00fcz\u00fcnden \u00e7\u0131kan kavgay\u0131 ay\u0131rmaya \u00e7al\u0131\u015fan 2 gen\u00e7 k\u0131z b\u0131\u00e7akland\u0131. K\u0131zlardan birinin hayati tehlikesinin oldu\u011fu \u00f6\u011frenildi. Olay, saat 16.40 s\u0131ralar\u0131nda Bucak il\u00e7esi Yeni Mahalle Ya\u015fam Park\u0131\u2019nda meydana geldi. Edinilen bilgilere g\u00f6re, A.S. (18) erkek arkada\u015f\u0131n\u0131n sosyal medya \u00fczerinden eklenmesi nedeniyle \u0130.K. (18) adl\u0131 k\u0131z ile parkta tart\u0131\u015fmaya&#8230;<\/p>\n","protected":false},"author":1,"featured_media":31306,"comment_status":"open","ping_status":"open","sticky":false,"template":"","format":"standard","meta":{"_crdt_document":"","footnotes":""},"categories":[5],"tags":[],"class_list":["post-31305","post","type-post","status-publish","format-standard","has-post-thumbnail","hentry","category-asayis"],"_links":{"self":[{"href":"https:\/\/www.egemtv.com\/index.php?rest_route=\/wp\/v2\/posts\/31305","targetHints":{"allow":["GET"]}}],"collection":[{"href":"https:\/\/www.egemtv.com\/index.php?rest_route=\/wp\/v2\/posts"}],"about":[{"href":"https:\/\/www.egemtv.com\/index.php?rest_route=\/wp\/v2\/types\/post"}],"author":[{"embeddable":true,"href":"https:\/\/www.egemtv.com\/index.php?rest_route=\/wp\/v2\/users\/1"}],"replies":[{"embeddable":true,"href":"https:\/\/www.egemtv.com\/index.php?rest_route=%2Fwp%2Fv2%2Fcomments&post=31305"}],"version-history":[{"count":1,"href":"https:\/\/www.egemtv.com\/index.php?rest_route=\/wp\/v2\/posts\/31305\/revisions"}],"predecessor-version":[{"id":31307,"href":"https:\/\/www.egemtv.com\/index.php?rest_route=\/wp\/v2\/posts\/31305\/revisions\/31307"}],"wp:featuredmedia":[{"embeddable":true,"href":"https:\/\/www.egemtv.com\/index.php?rest_route=\/wp\/v2\/media\/31306"}],"wp:attachment":[{"href":"https:\/\/www.egemtv.com\/index.php?rest_route=%2Fwp%2Fv2%2Fmedia&parent=31305"}],"wp:term":[{"taxonomy":"category","embeddable":true,"href":"https:\/\/www.egemtv.com\/index.php?rest_route=%2Fwp%2Fv2%2Fcategories&post=31305"},{"taxonomy":"post_tag","embeddable":true,"href":"https:\/\/www.egemtv.com\/index.php?rest_route=%2Fwp%2Fv2%2Ftags&post=31305"}],"curies":[{"name":"wp","href":"https:\/\/api.w.org\/{rel}","templated":true}]}}