{"id":31302,"date":"2025-05-25T19:55:30","date_gmt":"2025-05-25T16:55:30","guid":{"rendered":"https:\/\/www.egemtv.com\/?p=31302"},"modified":"2025-05-25T19:55:34","modified_gmt":"2025-05-25T16:55:34","slug":"kulaklari-kesilmis-halde-bulunan-yasli-adamin-olum-nedeni-arastiriliyor","status":"publish","type":"post","link":"https:\/\/www.egemtv.com\/?p=31302","title":{"rendered":"Kulaklar\u0131 kesilmi\u015f halde bulunan ya\u015fl\u0131 adam\u0131n \u00f6l\u00fcm nedeni ara\u015ft\u0131r\u0131l\u0131yor"},"content":{"rendered":"<p>Denizli\u2019nin Baklan il\u00e7esinde evinin \u00f6n\u00fcnde kulaklar\u0131 kesilmi\u015f halde \u00f6l\u00fc olarak bulunan ya\u015fl\u0131 adam\u0131n \u00f6n otopsi raporuna g\u00f6re v\u00fccudunda darp ve silah izine rastlanmad\u0131. Ya\u015fl\u0131 adam\u0131n \u00f6l\u00fcm nedeni ara\u015ft\u0131r\u0131l\u0131yor.<br \/>\n<br \/>Olay, Baklan il\u00e7esine ba\u011fl\u0131 Do\u011fal Mahallesi\u2019nde meydana geldi. Edinilen bilgilere g\u00f6re, k\u0131rsal mahallede ikamet eden Halit Tire (60), sabah saat 09.00 s\u0131ralar\u0131nda kom\u015fular\u0131 taraf\u0131ndan evinin \u00f6n\u00fcnde hareketsiz halde yatarken bulundu. \u00c7evredeki vatanda\u015flar, durumu 112 Acil \u00c7a\u011fr\u0131 Merkezine bildirdi. Olay yerine gelen sa\u011fl\u0131k ekipleri, ya\u015fl\u0131 adam\u0131n hayat\u0131n\u0131 kaybetti\u011fini belirledi. Yap\u0131lan incelemelerde Halit Tire\u2019nin gece saatlerinde \u00f6ld\u00fcr\u00fcld\u00fc\u011f\u00fc, kulaklar\u0131 kesildikten sonra cans\u0131z bedeninin evinin \u00f6n\u00fcne b\u0131rak\u0131ld\u0131\u011f\u0131 tespit edildi. Tire\u2019nin cenazesi, otopsi yap\u0131lmak \u00fczere \u00c7al Devlet Hastanesine, daha sonra ise Denizli Adli T\u0131p Kurumu morguna kald\u0131r\u0131ld\u0131. Yap\u0131lan ilk incelemelere g\u00f6re v\u00fccudunda darp ve silah izine rastlanmayan Halit Tire\u2019nin \u00f6l\u00fcm nedeni ara\u015ft\u0131r\u0131l\u0131yor.<br \/>\n<br \/>Jandarma ekipleri, olay\u0131n faili ya da faillerinin yakalanmas\u0131 i\u00e7in geni\u015f \u00e7apl\u0131 \u00e7al\u0131\u015fma ba\u015flatt\u0131.<br \/><\/p>\n","protected":false},"excerpt":{"rendered":"<p>Denizli\u2019nin Baklan il\u00e7esinde evinin \u00f6n\u00fcnde kulaklar\u0131 kesilmi\u015f halde \u00f6l\u00fc olarak bulunan ya\u015fl\u0131 adam\u0131n \u00f6n otopsi raporuna g\u00f6re v\u00fccudunda darp ve silah izine rastlanmad\u0131. Ya\u015fl\u0131 adam\u0131n \u00f6l\u00fcm nedeni ara\u015ft\u0131r\u0131l\u0131yor. Olay, Baklan il\u00e7esine ba\u011fl\u0131 Do\u011fal Mahallesi\u2019nde meydana geldi. Edinilen bilgilere g\u00f6re, k\u0131rsal mahallede ikamet eden Halit Tire (60), sabah saat 09.00 s\u0131ralar\u0131nda kom\u015fular\u0131 taraf\u0131ndan evinin \u00f6n\u00fcnde hareketsiz&#8230;<\/p>\n","protected":false},"author":1,"featured_media":31303,"comment_status":"open","ping_status":"open","sticky":false,"template":"","format":"standard","meta":{"_crdt_document":"","footnotes":""},"categories":[5],"tags":[],"class_list":["post-31302","post","type-post","status-publish","format-standard","has-post-thumbnail","hentry","category-asayis"],"_links":{"self":[{"href":"https:\/\/www.egemtv.com\/index.php?rest_route=\/wp\/v2\/posts\/31302","targetHints":{"allow":["GET"]}}],"collection":[{"href":"https:\/\/www.egemtv.com\/index.php?rest_route=\/wp\/v2\/posts"}],"about":[{"href":"https:\/\/www.egemtv.com\/index.php?rest_route=\/wp\/v2\/types\/post"}],"author":[{"embeddable":true,"href":"https:\/\/www.egemtv.com\/index.php?rest_route=\/wp\/v2\/users\/1"}],"replies":[{"embeddable":true,"href":"https:\/\/www.egemtv.com\/index.php?rest_route=%2Fwp%2Fv2%2Fcomments&post=31302"}],"version-history":[{"count":1,"href":"https:\/\/www.egemtv.com\/index.php?rest_route=\/wp\/v2\/posts\/31302\/revisions"}],"predecessor-version":[{"id":31304,"href":"https:\/\/www.egemtv.com\/index.php?rest_route=\/wp\/v2\/posts\/31302\/revisions\/31304"}],"wp:featuredmedia":[{"embeddable":true,"href":"https:\/\/www.egemtv.com\/index.php?rest_route=\/wp\/v2\/media\/31303"}],"wp:attachment":[{"href":"https:\/\/www.egemtv.com\/index.php?rest_route=%2Fwp%2Fv2%2Fmedia&parent=31302"}],"wp:term":[{"taxonomy":"category","embeddable":true,"href":"https:\/\/www.egemtv.com\/index.php?rest_route=%2Fwp%2Fv2%2Fcategories&post=31302"},{"taxonomy":"post_tag","embeddable":true,"href":"https:\/\/www.egemtv.com\/index.php?rest_route=%2Fwp%2Fv2%2Ftags&post=31302"}],"curies":[{"name":"wp","href":"https:\/\/api.w.org\/{rel}","templated":true}]}}