{"id":31299,"date":"2025-05-25T19:17:39","date_gmt":"2025-05-25T16:17:39","guid":{"rendered":"https:\/\/www.egemtv.com\/?p=31299"},"modified":"2025-05-25T19:17:44","modified_gmt":"2025-05-25T16:17:44","slug":"yagmur-kazayi-beraberinde-getirdi-tir-yan-yola-devrildi","status":"publish","type":"post","link":"https:\/\/www.egemtv.com\/?p=31299","title":{"rendered":"Ya\u011fmur kazay\u0131 beraberinde getirdi: T\u0131r yan yola devrildi"},"content":{"rendered":"<p>Manisa\u2019n\u0131n Kula il\u00e7esinde ya\u011fmurda kayganla\u015fan yolda kontrolden \u00e7\u0131kan t\u0131r, bariyerlere \u00e7arpt\u0131ktan sonra yan yola devrildi. Kazada s\u00fcr\u00fcc\u00fc yara almazken, ara\u00e7ta hasar meydana geldi.<br \/>\n<br \/>Edinilen bilgilere g\u00f6re, kaza saat 16.30 s\u0131ralar\u0131nda \u0130zmir-Ankara D300 karayolu Kavac\u0131k rampas\u0131nda ya\u015fand\u0131. \u0130zmir\u2019den U\u015fak istikametine seyir eden Halil \u00c7. y\u00f6netimindeki 63 M 6981 plakal\u0131 t\u0131r, ya\u011fmur nedeniyle kayganla\u015fan yolda s\u00fcr\u00fcc\u00fcs\u00fcn\u00fcn direksiyon hakimiyetini kaybetmesi sonucu kontrolden \u00e7\u0131kt\u0131. Yol kenar\u0131ndaki bariyerlere \u00e7arpan t\u0131r, \u00e7arpman\u0131n etkisiyle yan yola devrildi. Kazay\u0131 yara almadan atlatan s\u00fcr\u00fcc\u00fc, kendi imkanlar\u0131yla ara\u00e7tan \u00e7\u0131kt\u0131. Olay yerine gelen polis ve trafik ekipleri, b\u00f6lgede g\u00fcvenlik \u00f6nlemi ald\u0131. Kaza nedeniyle k\u0131sa s\u00fcreli aksayan trafik, yolun a\u00e7\u0131lmas\u0131n\u0131n ard\u0131ndan normale d\u00f6nd\u00fc.<br \/>\n<br \/>Kazayla ilgili inceleme ba\u015flat\u0131ld\u0131.<br \/><\/p>\n","protected":false},"excerpt":{"rendered":"<p>Manisa\u2019n\u0131n Kula il\u00e7esinde ya\u011fmurda kayganla\u015fan yolda kontrolden \u00e7\u0131kan t\u0131r, bariyerlere \u00e7arpt\u0131ktan sonra yan yola devrildi. Kazada s\u00fcr\u00fcc\u00fc yara almazken, ara\u00e7ta hasar meydana geldi. Edinilen bilgilere g\u00f6re, kaza saat 16.30 s\u0131ralar\u0131nda \u0130zmir-Ankara D300 karayolu Kavac\u0131k rampas\u0131nda ya\u015fand\u0131. \u0130zmir\u2019den U\u015fak istikametine seyir eden Halil \u00c7. y\u00f6netimindeki 63 M 6981 plakal\u0131 t\u0131r, ya\u011fmur nedeniyle kayganla\u015fan yolda s\u00fcr\u00fcc\u00fcs\u00fcn\u00fcn direksiyon&#8230;<\/p>\n","protected":false},"author":1,"featured_media":31300,"comment_status":"open","ping_status":"open","sticky":false,"template":"","format":"standard","meta":{"_crdt_document":"","footnotes":""},"categories":[5],"tags":[],"class_list":["post-31299","post","type-post","status-publish","format-standard","has-post-thumbnail","hentry","category-asayis"],"_links":{"self":[{"href":"https:\/\/www.egemtv.com\/index.php?rest_route=\/wp\/v2\/posts\/31299","targetHints":{"allow":["GET"]}}],"collection":[{"href":"https:\/\/www.egemtv.com\/index.php?rest_route=\/wp\/v2\/posts"}],"about":[{"href":"https:\/\/www.egemtv.com\/index.php?rest_route=\/wp\/v2\/types\/post"}],"author":[{"embeddable":true,"href":"https:\/\/www.egemtv.com\/index.php?rest_route=\/wp\/v2\/users\/1"}],"replies":[{"embeddable":true,"href":"https:\/\/www.egemtv.com\/index.php?rest_route=%2Fwp%2Fv2%2Fcomments&post=31299"}],"version-history":[{"count":1,"href":"https:\/\/www.egemtv.com\/index.php?rest_route=\/wp\/v2\/posts\/31299\/revisions"}],"predecessor-version":[{"id":31301,"href":"https:\/\/www.egemtv.com\/index.php?rest_route=\/wp\/v2\/posts\/31299\/revisions\/31301"}],"wp:featuredmedia":[{"embeddable":true,"href":"https:\/\/www.egemtv.com\/index.php?rest_route=\/wp\/v2\/media\/31300"}],"wp:attachment":[{"href":"https:\/\/www.egemtv.com\/index.php?rest_route=%2Fwp%2Fv2%2Fmedia&parent=31299"}],"wp:term":[{"taxonomy":"category","embeddable":true,"href":"https:\/\/www.egemtv.com\/index.php?rest_route=%2Fwp%2Fv2%2Fcategories&post=31299"},{"taxonomy":"post_tag","embeddable":true,"href":"https:\/\/www.egemtv.com\/index.php?rest_route=%2Fwp%2Fv2%2Ftags&post=31299"}],"curies":[{"name":"wp","href":"https:\/\/api.w.org\/{rel}","templated":true}]}}