{"id":31293,"date":"2025-05-25T17:55:46","date_gmt":"2025-05-25T14:55:46","guid":{"rendered":"https:\/\/www.egemtv.com\/?p=31293"},"modified":"2025-05-25T17:55:51","modified_gmt":"2025-05-25T14:55:51","slug":"aydinda-tozlu-hava-etkili-oldu","status":"publish","type":"post","link":"https:\/\/www.egemtv.com\/?p=31293","title":{"rendered":"Ayd\u0131n\u2019da tozlu hava etkili oldu"},"content":{"rendered":"<p>Ayd\u0131n\u2019da \u00f6\u011flen saatlerinden sonra toz bulutu etkili olurken, g\u00f6r\u00fc\u015f mesafesi azald\u0131.<br \/>\n<br \/>Meteoroloji\u2019nin sa\u011fanak ya\u011f\u0131\u015f ve toz ta\u015f\u0131n\u0131m\u0131 uyar\u0131s\u0131n\u0131n ard\u0131ndan Ayd\u0131n\u2019da ak\u015fam saatlerinde etkili olan r\u00fczgarla birlikte tozlu hava kendini hissettirdi. Tozlu hava g\u00f6r\u00fc\u015f mesafesini etkilerken, r\u00fczgarla birlikte baz\u0131 a\u011fa\u00e7lar\u0131n dallar\u0131 k\u0131r\u0131ld\u0131. R\u00fczgarl\u0131 havan\u0131n ard\u0131ndan Ayd\u0131n\u2019da bu gece ve yar\u0131n sa\u011fanak ya\u011f\u0131\u015fl\u0131 havan\u0131n etkili olmas\u0131 bekleniyor.<br \/><\/p>\n","protected":false},"excerpt":{"rendered":"<p>Ayd\u0131n\u2019da \u00f6\u011flen saatlerinden sonra toz bulutu etkili olurken, g\u00f6r\u00fc\u015f mesafesi azald\u0131. Meteoroloji\u2019nin sa\u011fanak ya\u011f\u0131\u015f ve toz ta\u015f\u0131n\u0131m\u0131 uyar\u0131s\u0131n\u0131n ard\u0131ndan Ayd\u0131n\u2019da ak\u015fam saatlerinde etkili olan r\u00fczgarla birlikte tozlu hava kendini hissettirdi. Tozlu hava g\u00f6r\u00fc\u015f mesafesini etkilerken, r\u00fczgarla birlikte baz\u0131 a\u011fa\u00e7lar\u0131n dallar\u0131 k\u0131r\u0131ld\u0131. R\u00fczgarl\u0131 havan\u0131n ard\u0131ndan Ayd\u0131n\u2019da bu gece ve yar\u0131n sa\u011fanak ya\u011f\u0131\u015fl\u0131 havan\u0131n etkili olmas\u0131 bekleniyor.<\/p>\n","protected":false},"author":1,"featured_media":31294,"comment_status":"open","ping_status":"open","sticky":false,"template":"","format":"standard","meta":{"_crdt_document":"","footnotes":""},"categories":[1],"tags":[],"class_list":["post-31293","post","type-post","status-publish","format-standard","has-post-thumbnail","hentry","category-guncel"],"_links":{"self":[{"href":"https:\/\/www.egemtv.com\/index.php?rest_route=\/wp\/v2\/posts\/31293","targetHints":{"allow":["GET"]}}],"collection":[{"href":"https:\/\/www.egemtv.com\/index.php?rest_route=\/wp\/v2\/posts"}],"about":[{"href":"https:\/\/www.egemtv.com\/index.php?rest_route=\/wp\/v2\/types\/post"}],"author":[{"embeddable":true,"href":"https:\/\/www.egemtv.com\/index.php?rest_route=\/wp\/v2\/users\/1"}],"replies":[{"embeddable":true,"href":"https:\/\/www.egemtv.com\/index.php?rest_route=%2Fwp%2Fv2%2Fcomments&post=31293"}],"version-history":[{"count":1,"href":"https:\/\/www.egemtv.com\/index.php?rest_route=\/wp\/v2\/posts\/31293\/revisions"}],"predecessor-version":[{"id":31295,"href":"https:\/\/www.egemtv.com\/index.php?rest_route=\/wp\/v2\/posts\/31293\/revisions\/31295"}],"wp:featuredmedia":[{"embeddable":true,"href":"https:\/\/www.egemtv.com\/index.php?rest_route=\/wp\/v2\/media\/31294"}],"wp:attachment":[{"href":"https:\/\/www.egemtv.com\/index.php?rest_route=%2Fwp%2Fv2%2Fmedia&parent=31293"}],"wp:term":[{"taxonomy":"category","embeddable":true,"href":"https:\/\/www.egemtv.com\/index.php?rest_route=%2Fwp%2Fv2%2Fcategories&post=31293"},{"taxonomy":"post_tag","embeddable":true,"href":"https:\/\/www.egemtv.com\/index.php?rest_route=%2Fwp%2Fv2%2Ftags&post=31293"}],"curies":[{"name":"wp","href":"https:\/\/api.w.org\/{rel}","templated":true}]}}