{"id":31290,"date":"2025-05-25T17:35:03","date_gmt":"2025-05-25T14:35:03","guid":{"rendered":"https:\/\/www.egemtv.com\/?p=31290"},"modified":"2025-05-25T17:35:05","modified_gmt":"2025-05-25T14:35:05","slug":"izmirde-zeytinlik-alandaki-yangin-kontrol-altinda","status":"publish","type":"post","link":"https:\/\/www.egemtv.com\/?p=31290","title":{"rendered":"\u0130zmir\u2019de zeytinlik alandaki yang\u0131n kontrol alt\u0131nda"},"content":{"rendered":"<p>\u0130zmir\u2019in Bay\u0131nd\u0131r il\u00e7esinde zeytinlik alanda \u00e7\u0131kan yang\u0131n, havadan ve karadan m\u00fcdahale sonucu yakla\u015f\u0131k 2 bu\u00e7uk saat sonra kontrol alt\u0131na al\u0131nd\u0131.<br \/>\n<br \/>Yang\u0131n saat 14.12\u2019de Bay\u0131nd\u0131r il\u00e7esi Demircilik Mahallesi\u2019nde bulunan zeytinlik alanda \u00e7\u0131kt\u0131. \u0130zmir Orman B\u00f6lge M\u00fcd\u00fcrl\u00fc\u011f\u00fc ekipleri alevlere, 2 u\u00e7ak ve 2 helikopter ile havadan, 10 araz\u00f6z, 3 su ikmal, 1 dozerle de karadan m\u00fcdahale etti.<br \/>\n<br \/>Yakla\u015f\u0131k 2 bu\u00e7uk saat s\u00fcren \u00e7al\u0131\u015fmalar\u0131n ard\u0131ndan yang\u0131n kontrol alt\u0131na al\u0131nd\u0131. B\u00f6lgedeki so\u011futma \u00e7al\u0131\u015fmalar\u0131 s\u00fcr\u00fcyor.<br \/><\/p>\n","protected":false},"excerpt":{"rendered":"<p>\u0130zmir\u2019in Bay\u0131nd\u0131r il\u00e7esinde zeytinlik alanda \u00e7\u0131kan yang\u0131n, havadan ve karadan m\u00fcdahale sonucu yakla\u015f\u0131k 2 bu\u00e7uk saat sonra kontrol alt\u0131na al\u0131nd\u0131. Yang\u0131n saat 14.12\u2019de Bay\u0131nd\u0131r il\u00e7esi Demircilik Mahallesi\u2019nde bulunan zeytinlik alanda \u00e7\u0131kt\u0131. \u0130zmir Orman B\u00f6lge M\u00fcd\u00fcrl\u00fc\u011f\u00fc ekipleri alevlere, 2 u\u00e7ak ve 2 helikopter ile havadan, 10 araz\u00f6z, 3 su ikmal, 1 dozerle de karadan m\u00fcdahale etti&#8230;.<\/p>\n","protected":false},"author":1,"featured_media":31291,"comment_status":"open","ping_status":"open","sticky":false,"template":"","format":"standard","meta":{"_crdt_document":"","footnotes":""},"categories":[5],"tags":[],"class_list":["post-31290","post","type-post","status-publish","format-standard","has-post-thumbnail","hentry","category-asayis"],"_links":{"self":[{"href":"https:\/\/www.egemtv.com\/index.php?rest_route=\/wp\/v2\/posts\/31290","targetHints":{"allow":["GET"]}}],"collection":[{"href":"https:\/\/www.egemtv.com\/index.php?rest_route=\/wp\/v2\/posts"}],"about":[{"href":"https:\/\/www.egemtv.com\/index.php?rest_route=\/wp\/v2\/types\/post"}],"author":[{"embeddable":true,"href":"https:\/\/www.egemtv.com\/index.php?rest_route=\/wp\/v2\/users\/1"}],"replies":[{"embeddable":true,"href":"https:\/\/www.egemtv.com\/index.php?rest_route=%2Fwp%2Fv2%2Fcomments&post=31290"}],"version-history":[{"count":1,"href":"https:\/\/www.egemtv.com\/index.php?rest_route=\/wp\/v2\/posts\/31290\/revisions"}],"predecessor-version":[{"id":31292,"href":"https:\/\/www.egemtv.com\/index.php?rest_route=\/wp\/v2\/posts\/31290\/revisions\/31292"}],"wp:featuredmedia":[{"embeddable":true,"href":"https:\/\/www.egemtv.com\/index.php?rest_route=\/wp\/v2\/media\/31291"}],"wp:attachment":[{"href":"https:\/\/www.egemtv.com\/index.php?rest_route=%2Fwp%2Fv2%2Fmedia&parent=31290"}],"wp:term":[{"taxonomy":"category","embeddable":true,"href":"https:\/\/www.egemtv.com\/index.php?rest_route=%2Fwp%2Fv2%2Fcategories&post=31290"},{"taxonomy":"post_tag","embeddable":true,"href":"https:\/\/www.egemtv.com\/index.php?rest_route=%2Fwp%2Fv2%2Ftags&post=31290"}],"curies":[{"name":"wp","href":"https:\/\/api.w.org\/{rel}","templated":true}]}}