{"id":31284,"date":"2025-05-25T17:34:53","date_gmt":"2025-05-25T14:34:53","guid":{"rendered":"https:\/\/www.egemtv.com\/?p=31284"},"modified":"2025-05-25T17:34:58","modified_gmt":"2025-05-25T14:34:58","slug":"ispartada-hafif-ticari-arac-sarampole-yuvarlandi-1-yarali","status":"publish","type":"post","link":"https:\/\/www.egemtv.com\/?p=31284","title":{"rendered":"Isparta\u2019da hafif ticari ara\u00e7 \u015farampole yuvarland\u0131: 1 yaral\u0131"},"content":{"rendered":"<p>Isparta\u2019da s\u00fcr\u00fcc\u00fcs\u00fcn\u00fcn direksiyon hakimiyetini kaybetmesi sonucu takla atarak \u015farampole yuvarlanan hafif ticari ara\u00e7ta 1 ki\u015fi yaraland\u0131.<br \/>\n<br \/>Kaza, 15.00 s\u0131ralar\u0131nda Yalva\u00e7 il\u00e7esi Senirkent Karayolu\u2019nda meydana geldi. Edinilen bilgiye g\u00f6re, Ramazan I. idaresindeki 46 AHA 321 plakal\u0131 Opel marka hafif ticari ara\u00e7, s\u00fcr\u00fcc\u00fcs\u00fcn\u00fcn direksiyon hakimiyetini kaybetmesi sonucu takla atarak \u015farampole yuvarland\u0131. Kazada s\u00fcr\u00fcc\u00fc Ramazan I. yaraland\u0131. Kazay\u0131 g\u00f6renlerin ihbar\u0131 \u00fczerine b\u00f6lgeye jandarma ve sa\u011fl\u0131k ekipleri sevk edildi. Olay yerine gelen sa\u011fl\u0131k ekiplerinin ilk m\u00fcdahalesinin ard\u0131ndan yaral\u0131 s\u00fcr\u00fcc\u00fc, ambulansla Yalva\u00e7 Devlet Hastanesi\u2019ne kald\u0131r\u0131ld\u0131. Kaza ile ilgili inceleme ba\u015flat\u0131ld\u0131. Ara\u00e7 ise kurtar\u0131c\u0131 yard\u0131m\u0131yla bulundu\u011fu yerden \u00e7\u0131kar\u0131larak \u0130\u00e7\u00f6z Yediemin Otopark\u0131na g\u00f6t\u00fcr\u00fcld\u00fc.<br \/><\/p>\n","protected":false},"excerpt":{"rendered":"<p>Isparta\u2019da s\u00fcr\u00fcc\u00fcs\u00fcn\u00fcn direksiyon hakimiyetini kaybetmesi sonucu takla atarak \u015farampole yuvarlanan hafif ticari ara\u00e7ta 1 ki\u015fi yaraland\u0131. Kaza, 15.00 s\u0131ralar\u0131nda Yalva\u00e7 il\u00e7esi Senirkent Karayolu\u2019nda meydana geldi. Edinilen bilgiye g\u00f6re, Ramazan I. idaresindeki 46 AHA 321 plakal\u0131 Opel marka hafif ticari ara\u00e7, s\u00fcr\u00fcc\u00fcs\u00fcn\u00fcn direksiyon hakimiyetini kaybetmesi sonucu takla atarak \u015farampole yuvarland\u0131. Kazada s\u00fcr\u00fcc\u00fc Ramazan I. yaraland\u0131. Kazay\u0131&#8230;<\/p>\n","protected":false},"author":1,"featured_media":31285,"comment_status":"open","ping_status":"open","sticky":false,"template":"","format":"standard","meta":{"_crdt_document":"","footnotes":""},"categories":[5],"tags":[],"class_list":["post-31284","post","type-post","status-publish","format-standard","has-post-thumbnail","hentry","category-asayis"],"_links":{"self":[{"href":"https:\/\/www.egemtv.com\/index.php?rest_route=\/wp\/v2\/posts\/31284","targetHints":{"allow":["GET"]}}],"collection":[{"href":"https:\/\/www.egemtv.com\/index.php?rest_route=\/wp\/v2\/posts"}],"about":[{"href":"https:\/\/www.egemtv.com\/index.php?rest_route=\/wp\/v2\/types\/post"}],"author":[{"embeddable":true,"href":"https:\/\/www.egemtv.com\/index.php?rest_route=\/wp\/v2\/users\/1"}],"replies":[{"embeddable":true,"href":"https:\/\/www.egemtv.com\/index.php?rest_route=%2Fwp%2Fv2%2Fcomments&post=31284"}],"version-history":[{"count":1,"href":"https:\/\/www.egemtv.com\/index.php?rest_route=\/wp\/v2\/posts\/31284\/revisions"}],"predecessor-version":[{"id":31286,"href":"https:\/\/www.egemtv.com\/index.php?rest_route=\/wp\/v2\/posts\/31284\/revisions\/31286"}],"wp:featuredmedia":[{"embeddable":true,"href":"https:\/\/www.egemtv.com\/index.php?rest_route=\/wp\/v2\/media\/31285"}],"wp:attachment":[{"href":"https:\/\/www.egemtv.com\/index.php?rest_route=%2Fwp%2Fv2%2Fmedia&parent=31284"}],"wp:term":[{"taxonomy":"category","embeddable":true,"href":"https:\/\/www.egemtv.com\/index.php?rest_route=%2Fwp%2Fv2%2Fcategories&post=31284"},{"taxonomy":"post_tag","embeddable":true,"href":"https:\/\/www.egemtv.com\/index.php?rest_route=%2Fwp%2Fv2%2Ftags&post=31284"}],"curies":[{"name":"wp","href":"https:\/\/api.w.org\/{rel}","templated":true}]}}