{"id":31281,"date":"2025-05-25T17:16:21","date_gmt":"2025-05-25T14:16:21","guid":{"rendered":"https:\/\/www.egemtv.com\/?p=31281"},"modified":"2025-05-25T17:16:25","modified_gmt":"2025-05-25T14:16:25","slug":"sarampole-devrilen-otobusun-goruntuleri-ortaya-cikti-soforun-bilincini-kaybettigi-anlar-kamerada","status":"publish","type":"post","link":"https:\/\/www.egemtv.com\/?p=31281","title":{"rendered":"\u015earampole devrilen otob\u00fcs\u00fcn g\u00f6r\u00fcnt\u00fcleri ortaya \u00e7\u0131kt\u0131: \u015eof\u00f6r\u00fcn bilincini kaybetti\u011fi anlar kamerada"},"content":{"rendered":"<p>Isparta-Afyonkarahisar Karayolu\u2019nda iki otob\u00fcs\u00fcn \u00e7arp\u0131\u015fmas\u0131 sonucu meydana gelen kazada biri a\u011f\u0131r, toplam 27 ki\u015fi yaraland\u0131. Kaza an\u0131, tur otob\u00fcs\u00fcn\u00fcn g\u00fcvenlik kameras\u0131na anbean yans\u0131d\u0131. G\u00f6r\u00fcnt\u00fclerde yolcular\u0131n ya\u015fad\u0131\u011f\u0131 panik ve korku dolu anlar yer al\u0131rken, \u015fof\u00f6r\u00fcn ise bilincinin kayboldu\u011fu anlar yer ald\u0131.<br \/>\n<br \/>Kaza, sabah saat 05.50 s\u0131ralar\u0131nda Isparta-Afyonkarahisar Karayolu \u00fczerindeki G\u00f6nen il\u00e7esi Ko\u00e7tepe Kav\u015fa\u011f\u0131\u2019nda meydana geldi. Edinilen bilgilere g\u00f6re, Ramazan A. y\u00f6netimindeki 06 EIU 487 plakal\u0131 Isparta Petrol firmas\u0131na ait yolcu otob\u00fcs\u00fc, kav\u015faktaki d\u00f6n\u00fc\u015f cebinden ana yola \u00e7\u0131kan Mehmet A. idaresindeki 16 AUP 766 plakal\u0131 Ayhan I\u015f\u0131k Turizm\u2019e ait tur otob\u00fcs\u00fcne yandan \u00e7arpt\u0131. \u00c7arpman\u0131n etkisiyle tur otob\u00fcs\u00fc kontrolden \u00e7\u0131karak yol kenar\u0131ndaki \u015farampole devrildi. Kazada tur otob\u00fcs\u00fcnde bulunan 28 yolcudan 26\u2019s\u0131 ile yolcu otob\u00fcs\u00fcnde bulunan 1 ki\u015fi olmak \u00fczere toplam 27 ki\u015fi yaraland\u0131. Yaral\u0131lardan birinin durumunun a\u011f\u0131r oldu\u011fu \u00f6\u011frenildi. Kazay\u0131 g\u00f6ren vatanda\u015flar\u0131n 112 Acil \u00c7a\u011fr\u0131 Merkezine ihbar\u0131 \u00fczerine olay yerine \u00e7ok say\u0131da sa\u011fl\u0131k ve jandarma ekibi sevk edildi. Olay yerine gelen sa\u011fl\u0131k ekipleri, ilk m\u00fcdahalelerin ard\u0131ndan yaral\u0131lar\u0131 \u00e7evre hastanelere sevk etti. Kaza ile ilgili soru\u015fturma ba\u015flat\u0131ld\u0131.<\/p>\n<p>Kaza an\u0131 kamerada<br \/>\n<br \/>Kaza, tur otob\u00fcs\u00fcn\u00fcn g\u00fcvenlik kameralar\u0131na da saniye saniye yans\u0131d\u0131. G\u00f6r\u00fcnt\u00fclerde yolcu otob\u00fcs\u00fcn\u00fcn yandan \u00e7arpmas\u0131 sonucu \u015farampole devrilen tur otob\u00fcs\u00fc i\u00e7erisindeki yolcular\u0131n savruldu\u011fu, panik ve korku dolu anlar ya\u015fad\u0131\u011f\u0131 g\u00f6r\u00fcld\u00fc. Otob\u00fcs i\u00e7indeki yolcular\u0131n \u00e7\u0131\u011fl\u0131klar\u0131 ve yaraland\u0131klar\u0131 anlar kameraya yans\u0131rken, \u015fof\u00f6r\u00fcn ise bilincinin kayboldu\u011fu g\u00f6r\u00fcld\u00fc.<br \/><\/p>\n","protected":false},"excerpt":{"rendered":"<p>Isparta-Afyonkarahisar Karayolu\u2019nda iki otob\u00fcs\u00fcn \u00e7arp\u0131\u015fmas\u0131 sonucu meydana gelen kazada biri a\u011f\u0131r, toplam 27 ki\u015fi yaraland\u0131. Kaza an\u0131, tur otob\u00fcs\u00fcn\u00fcn g\u00fcvenlik kameras\u0131na anbean yans\u0131d\u0131. G\u00f6r\u00fcnt\u00fclerde yolcular\u0131n ya\u015fad\u0131\u011f\u0131 panik ve korku dolu anlar yer al\u0131rken, \u015fof\u00f6r\u00fcn ise bilincinin kayboldu\u011fu anlar yer ald\u0131. Kaza, sabah saat 05.50 s\u0131ralar\u0131nda Isparta-Afyonkarahisar Karayolu \u00fczerindeki G\u00f6nen il\u00e7esi Ko\u00e7tepe Kav\u015fa\u011f\u0131\u2019nda meydana geldi. Edinilen&#8230;<\/p>\n","protected":false},"author":1,"featured_media":31282,"comment_status":"open","ping_status":"open","sticky":false,"template":"","format":"standard","meta":{"_crdt_document":"","footnotes":""},"categories":[5],"tags":[],"class_list":["post-31281","post","type-post","status-publish","format-standard","has-post-thumbnail","hentry","category-asayis"],"_links":{"self":[{"href":"https:\/\/www.egemtv.com\/index.php?rest_route=\/wp\/v2\/posts\/31281","targetHints":{"allow":["GET"]}}],"collection":[{"href":"https:\/\/www.egemtv.com\/index.php?rest_route=\/wp\/v2\/posts"}],"about":[{"href":"https:\/\/www.egemtv.com\/index.php?rest_route=\/wp\/v2\/types\/post"}],"author":[{"embeddable":true,"href":"https:\/\/www.egemtv.com\/index.php?rest_route=\/wp\/v2\/users\/1"}],"replies":[{"embeddable":true,"href":"https:\/\/www.egemtv.com\/index.php?rest_route=%2Fwp%2Fv2%2Fcomments&post=31281"}],"version-history":[{"count":1,"href":"https:\/\/www.egemtv.com\/index.php?rest_route=\/wp\/v2\/posts\/31281\/revisions"}],"predecessor-version":[{"id":31283,"href":"https:\/\/www.egemtv.com\/index.php?rest_route=\/wp\/v2\/posts\/31281\/revisions\/31283"}],"wp:featuredmedia":[{"embeddable":true,"href":"https:\/\/www.egemtv.com\/index.php?rest_route=\/wp\/v2\/media\/31282"}],"wp:attachment":[{"href":"https:\/\/www.egemtv.com\/index.php?rest_route=%2Fwp%2Fv2%2Fmedia&parent=31281"}],"wp:term":[{"taxonomy":"category","embeddable":true,"href":"https:\/\/www.egemtv.com\/index.php?rest_route=%2Fwp%2Fv2%2Fcategories&post=31281"},{"taxonomy":"post_tag","embeddable":true,"href":"https:\/\/www.egemtv.com\/index.php?rest_route=%2Fwp%2Fv2%2Ftags&post=31281"}],"curies":[{"name":"wp","href":"https:\/\/api.w.org\/{rel}","templated":true}]}}