{"id":31278,"date":"2025-05-25T16:57:45","date_gmt":"2025-05-25T13:57:45","guid":{"rendered":"https:\/\/www.egemtv.com\/?p=31278"},"modified":"2025-05-25T16:57:49","modified_gmt":"2025-05-25T13:57:49","slug":"manisaya-kuvvetli-yagis-ile-birlikte-camur-uyarisi","status":"publish","type":"post","link":"https:\/\/www.egemtv.com\/?p=31278","title":{"rendered":"Manisa\u2019ya kuvvetli ya\u011f\u0131\u015f ile birlikte \u00e7amur uyar\u0131s\u0131"},"content":{"rendered":"<p>Meteoroloji Genel M\u00fcd\u00fcrl\u00fc\u011f\u00fc 2. B\u00f6lge M\u00fcd\u00fcrl\u00fc\u011f\u00fc \u0130zmir B\u00f6lge Tahmin ve Erken Uyar\u0131 Merkezi, 26 May\u0131s Pazartesi g\u00fcn\u00fc (yar\u0131n) Manisa genelinde etkili olacak g\u00f6k g\u00fcr\u00fclt\u00fcl\u00fc sa\u011fanak ya\u011f\u0131\u015f ile birlikte \u00e7amur \u015feklinde ya\u011f\u0131\u015fa kar\u015f\u0131 vatanda\u015flar\u0131 tedbirli olmas\u0131 konusunda uyard\u0131.<br \/>\n<br \/>Yap\u0131lan a\u00e7\u0131klamaya g\u00f6re, 26 May\u0131s 2025 Pazartesi g\u00fcn\u00fc ilk saatlerden itibaren Manisa genelinde aral\u0131kl\u0131 ve yerel olarak kuvvetli sa\u011fanak ve g\u00f6k g\u00fcr\u00fclt\u00fcl\u00fc sa\u011fanak ya\u011f\u0131\u015f bekleniyor. Ya\u011f\u0131\u015flar\u0131n, toz ta\u015f\u0131n\u0131m\u0131 ile birlikte \u00e7amur \u015feklinde olabilece\u011fi belirtilirken, ani sel, su bask\u0131n\u0131, yerel dolu, y\u0131ld\u0131r\u0131m, ula\u015f\u0131mda aksamalar, kuvvetli r\u00fczgar ve f\u0131rt\u0131na gibi olumsuzluklara kar\u015f\u0131 dikkatli ve tedbirli olunmas\u0131 istendi.<br \/><\/p>\n","protected":false},"excerpt":{"rendered":"<p>Meteoroloji Genel M\u00fcd\u00fcrl\u00fc\u011f\u00fc 2. B\u00f6lge M\u00fcd\u00fcrl\u00fc\u011f\u00fc \u0130zmir B\u00f6lge Tahmin ve Erken Uyar\u0131 Merkezi, 26 May\u0131s Pazartesi g\u00fcn\u00fc (yar\u0131n) Manisa genelinde etkili olacak g\u00f6k g\u00fcr\u00fclt\u00fcl\u00fc sa\u011fanak ya\u011f\u0131\u015f ile birlikte \u00e7amur \u015feklinde ya\u011f\u0131\u015fa kar\u015f\u0131 vatanda\u015flar\u0131 tedbirli olmas\u0131 konusunda uyard\u0131. Yap\u0131lan a\u00e7\u0131klamaya g\u00f6re, 26 May\u0131s 2025 Pazartesi g\u00fcn\u00fc ilk saatlerden itibaren Manisa genelinde aral\u0131kl\u0131 ve yerel olarak kuvvetli&#8230;<\/p>\n","protected":false},"author":1,"featured_media":31279,"comment_status":"open","ping_status":"open","sticky":false,"template":"","format":"standard","meta":{"_crdt_document":"","footnotes":""},"categories":[1],"tags":[],"class_list":["post-31278","post","type-post","status-publish","format-standard","has-post-thumbnail","hentry","category-guncel"],"_links":{"self":[{"href":"https:\/\/www.egemtv.com\/index.php?rest_route=\/wp\/v2\/posts\/31278","targetHints":{"allow":["GET"]}}],"collection":[{"href":"https:\/\/www.egemtv.com\/index.php?rest_route=\/wp\/v2\/posts"}],"about":[{"href":"https:\/\/www.egemtv.com\/index.php?rest_route=\/wp\/v2\/types\/post"}],"author":[{"embeddable":true,"href":"https:\/\/www.egemtv.com\/index.php?rest_route=\/wp\/v2\/users\/1"}],"replies":[{"embeddable":true,"href":"https:\/\/www.egemtv.com\/index.php?rest_route=%2Fwp%2Fv2%2Fcomments&post=31278"}],"version-history":[{"count":1,"href":"https:\/\/www.egemtv.com\/index.php?rest_route=\/wp\/v2\/posts\/31278\/revisions"}],"predecessor-version":[{"id":31280,"href":"https:\/\/www.egemtv.com\/index.php?rest_route=\/wp\/v2\/posts\/31278\/revisions\/31280"}],"wp:featuredmedia":[{"embeddable":true,"href":"https:\/\/www.egemtv.com\/index.php?rest_route=\/wp\/v2\/media\/31279"}],"wp:attachment":[{"href":"https:\/\/www.egemtv.com\/index.php?rest_route=%2Fwp%2Fv2%2Fmedia&parent=31278"}],"wp:term":[{"taxonomy":"category","embeddable":true,"href":"https:\/\/www.egemtv.com\/index.php?rest_route=%2Fwp%2Fv2%2Fcategories&post=31278"},{"taxonomy":"post_tag","embeddable":true,"href":"https:\/\/www.egemtv.com\/index.php?rest_route=%2Fwp%2Fv2%2Ftags&post=31278"}],"curies":[{"name":"wp","href":"https:\/\/api.w.org\/{rel}","templated":true}]}}