{"id":31275,"date":"2025-05-25T16:57:41","date_gmt":"2025-05-25T13:57:41","guid":{"rendered":"https:\/\/www.egemtv.com\/?p=31275"},"modified":"2025-05-25T16:57:45","modified_gmt":"2025-05-25T13:57:45","slug":"gelecegin-acil-tip-uzmanlari-kusadasinda-bulustu","status":"publish","type":"post","link":"https:\/\/www.egemtv.com\/?p=31275","title":{"rendered":"Gelece\u011fin acil t\u0131p uzmanlar\u0131 Ku\u015fadas\u0131\u2019nda bulu\u015ftu"},"content":{"rendered":"<p>Ayd\u0131n\u2019\u0131n Ku\u015fadas\u0131 il\u00e7esi, bu y\u0131l 18\u2019inci kez d\u00fczenlenen \u2018Acil T\u0131p Asistanlar\u0131 Sempozyumu\u2019na\u2019 ev sahipli\u011fi yapt\u0131. \u00dc\u00e7 g\u00fcn s\u00fcren etkinlikte, acil t\u0131p alan\u0131ndaki g\u00fcncel geli\u015fmeler ele al\u0131nd\u0131.<\/p>\n<p>T\u00fcrkiye Acil T\u0131p Derne\u011fi\u2019ne ba\u011fl\u0131 Acil T\u0131p Asistanlar\u0131 Birli\u011fi (ATAB) taraf\u0131ndan Ku\u015fadas\u0131\u2019nda d\u00fczenlenen sempozyumun bu y\u0131l ki ana konusu &#8220;Res\u00fcsitatif ve Giri\u015fimsel Aciller\u2019 oldu. Sempozyumda, acil t\u0131p alan\u0131ndaki g\u00fcncel geli\u015fmeler, uygulamal\u0131 e\u011fitimler ve yenilik\u00e7i yakla\u015f\u0131mlar, uzman isimlerin konu\u015fmalar\u0131 e\u015fli\u011finde kat\u0131l\u0131mc\u0131larla payla\u015f\u0131ld\u0131. Sempozyum, bilimsel oturumlar\u0131n yan\u0131 s\u0131ra ger\u00e7ekle\u015fen interaktif paneller ve uygulamal\u0131 e\u011fitimlerle de olduk\u00e7a verimli ge\u00e7ti.<\/p>\n<p>&#8220;Kalbim Ayd\u0131n\u2019da&#8221; mottosuyla yola \u00e7\u0131kan ATAS 2025\u2019e kat\u0131lan gelece\u011fin acil t\u0131p uzmanlar\u0131, bilimsel etkinliklerin yan\u0131 s\u0131ra kendileri i\u00e7in d\u00fczenlenen sosyal etkinliklerle de Ku\u015fadas\u0131\u2019n\u0131n tad\u0131n\u0131 \u00e7\u0131kard\u0131.<\/p>\n<p>Sempozyum, T\u00fcrkiye\u2019nin d\u00f6rt bir yan\u0131ndan gelen gen\u00e7 acil t\u0131p uzmanlar\u0131n\u0131 bir araya getirerek hem mesleki payla\u015f\u0131m hem de dostluk ortam\u0131 olu\u015fturdu.<br \/><\/p>\n","protected":false},"excerpt":{"rendered":"<p>Ayd\u0131n\u2019\u0131n Ku\u015fadas\u0131 il\u00e7esi, bu y\u0131l 18\u2019inci kez d\u00fczenlenen \u2018Acil T\u0131p Asistanlar\u0131 Sempozyumu\u2019na\u2019 ev sahipli\u011fi yapt\u0131. \u00dc\u00e7 g\u00fcn s\u00fcren etkinlikte, acil t\u0131p alan\u0131ndaki g\u00fcncel geli\u015fmeler ele al\u0131nd\u0131. T\u00fcrkiye Acil T\u0131p Derne\u011fi\u2019ne ba\u011fl\u0131 Acil T\u0131p Asistanlar\u0131 Birli\u011fi (ATAB) taraf\u0131ndan Ku\u015fadas\u0131\u2019nda d\u00fczenlenen sempozyumun bu y\u0131l ki ana konusu &#8220;Res\u00fcsitatif ve Giri\u015fimsel Aciller\u2019 oldu. Sempozyumda, acil t\u0131p alan\u0131ndaki g\u00fcncel&#8230;<\/p>\n","protected":false},"author":1,"featured_media":31276,"comment_status":"open","ping_status":"open","sticky":false,"template":"","format":"standard","meta":{"_crdt_document":"","footnotes":""},"categories":[1],"tags":[],"class_list":["post-31275","post","type-post","status-publish","format-standard","has-post-thumbnail","hentry","category-guncel"],"_links":{"self":[{"href":"https:\/\/www.egemtv.com\/index.php?rest_route=\/wp\/v2\/posts\/31275","targetHints":{"allow":["GET"]}}],"collection":[{"href":"https:\/\/www.egemtv.com\/index.php?rest_route=\/wp\/v2\/posts"}],"about":[{"href":"https:\/\/www.egemtv.com\/index.php?rest_route=\/wp\/v2\/types\/post"}],"author":[{"embeddable":true,"href":"https:\/\/www.egemtv.com\/index.php?rest_route=\/wp\/v2\/users\/1"}],"replies":[{"embeddable":true,"href":"https:\/\/www.egemtv.com\/index.php?rest_route=%2Fwp%2Fv2%2Fcomments&post=31275"}],"version-history":[{"count":1,"href":"https:\/\/www.egemtv.com\/index.php?rest_route=\/wp\/v2\/posts\/31275\/revisions"}],"predecessor-version":[{"id":31277,"href":"https:\/\/www.egemtv.com\/index.php?rest_route=\/wp\/v2\/posts\/31275\/revisions\/31277"}],"wp:featuredmedia":[{"embeddable":true,"href":"https:\/\/www.egemtv.com\/index.php?rest_route=\/wp\/v2\/media\/31276"}],"wp:attachment":[{"href":"https:\/\/www.egemtv.com\/index.php?rest_route=%2Fwp%2Fv2%2Fmedia&parent=31275"}],"wp:term":[{"taxonomy":"category","embeddable":true,"href":"https:\/\/www.egemtv.com\/index.php?rest_route=%2Fwp%2Fv2%2Fcategories&post=31275"},{"taxonomy":"post_tag","embeddable":true,"href":"https:\/\/www.egemtv.com\/index.php?rest_route=%2Fwp%2Fv2%2Ftags&post=31275"}],"curies":[{"name":"wp","href":"https:\/\/api.w.org\/{rel}","templated":true}]}}