{"id":31272,"date":"2025-05-25T15:55:50","date_gmt":"2025-05-25T12:55:50","guid":{"rendered":"https:\/\/www.egemtv.com\/?p=31272"},"modified":"2025-05-25T15:55:54","modified_gmt":"2025-05-25T12:55:54","slug":"iscilere-maas-veremeyen-karsiyaka-belediyesinden-aile-piknigi","status":"publish","type":"post","link":"https:\/\/www.egemtv.com\/?p=31272","title":{"rendered":"\u0130\u015f\u00e7ilere maa\u015f veremeyen Kar\u015f\u0131yaka Belediyesi\u2019nden \u2019Aile Pikni\u011fi\u2019"},"content":{"rendered":"<p>Kar\u015f\u0131yaka Belediyesi\u2019nde i\u015f\u00e7iler maa\u015f\u0131n\u0131 alamazken belediyenin piknik organizasyonu d\u00fczenlemesi tepkiyle kar\u015f\u0131land\u0131.<\/p>\n<p>Kar\u015f\u0131yaka Belediyesi, maa\u015flar\u0131n\u0131 \u00f6deyemedi\u011fi i\u015f\u00e7ilere aile pikni\u011fi d\u00fczenledi. Belediye Ba\u015fkan\u0131 Behice Y\u0131ld\u0131z \u00dcnsal\u2019\u0131n maa\u015flar\u0131n\u0131 gecikmeli ve par\u00e7a par\u00e7a alan i\u015f\u00e7ileri ve ailelerini pikni\u011fe g\u00f6t\u00fcrmesi, sendika taraf\u0131ndan tepkiyle kar\u015f\u0131land\u0131. Piknik organizasyonuna ilk tepki ise Disk Genel-\u0130\u015f \u0130zmir 10 No\u2019lu \u015eube Y\u00f6netim Kurulu ve \u0130\u015fyeri Sendika temsilcilerinden geldi. Sendika, Kent A.\u015e\u2019de \u00e7al\u0131\u015fan i\u015f\u00e7ilerin ise Ocak ay\u0131 maa\u015f\u0131n\u0131n y\u00fczde 60\u2019\u0131, \u015eubat, Mart ve Nisan ay\u0131 maa\u015flar\u0131n\u0131n tamam\u0131 ile T\u0130S farklar\u0131n\u0131n da May\u0131s ay\u0131n\u0131n sonuna gelinmesine ra\u011fmen hen\u00fcz \u00f6denmedi\u011fini de a\u00e7\u0131klad\u0131. \u0130\u015f\u00e7i maa\u015flar\u0131 yat\u0131r\u0131lmam\u0131\u015fken belediyenin bug\u00fcn birlik ve dayan\u0131\u015fma piknik organizasyonu d\u00fczenlemesine sendika, tepki g\u00f6sterdi.<\/p>\n<p>&#8220;Etkinliklere de\u011fil, \u00e7al\u0131\u015fanlar\u0131n \u00fccretlerine b\u00fct\u00e7e&#8221;<br \/>\n<br \/>Piknik organizasyonunun yap\u0131ld\u0131\u011f\u0131 Yamanlar Piknik Alan\u0131\u2019nda a\u00e7\u0131klama yaparak Kar\u015f\u0131yaka Belediyesi ve Ba\u015fkan Behice Y\u0131ld\u0131z \u00dcnsal\u2019a tepki g\u00f6steren D\u0130SK Genel \u0130\u015f 10 No\u2019lu \u015eube, belediyenin \u00f6nce \u00e7al\u0131\u015fanlar\u0131n maa\u015f\u0131n\u0131 vermesi gerekti\u011fini s\u00f6yledi. Yap\u0131lan a\u00e7\u0131klamada \u015fu s\u00f6zlere yer verildi: &#8220;Personellerimiz maa\u015flar\u0131n\u0131 zaman\u0131nda alamamaktad\u0131r. Belediye, ekonomik dar bo\u011fazda oldu\u011funu s\u00f6yleyerek \u00e7al\u0131\u015fanlar\u0131n hak etiklerini \u00f6deyememi\u015ftir. Ayl\u0131k \u00fccretle \u00e7al\u0131\u015fanlar i\u00e7in hayati \u00f6nem ta\u015f\u0131yan \u00fccret \u00f6demeleri yap\u0131lamam\u0131\u015fken, \u00e7al\u0131\u015fanlar\u0131n ve ailelerin ge\u00e7im s\u0131k\u0131nt\u0131lar\u0131 devam ederken, piknik dayan\u0131\u015fmas\u0131 ad\u0131 alt\u0131nda d\u00fczenlenen bu organizasyon ger\u00e7eklikten kopuk, emek\u00e7ilerin sorunlar\u0131na kulak t\u0131kayan bir anlay\u0131\u015f\u0131n g\u00f6stergesidir. Kar\u015f\u0131yaka Belediyesi\u2019nin sosyal etkinliklere de\u011fil \u00e7al\u0131\u015fanlara \u00fccretlerini hak ettiklerini \u00f6demeye davet ediyoruz.&#8221;<br \/><\/p>\n","protected":false},"excerpt":{"rendered":"<p>Kar\u015f\u0131yaka Belediyesi\u2019nde i\u015f\u00e7iler maa\u015f\u0131n\u0131 alamazken belediyenin piknik organizasyonu d\u00fczenlemesi tepkiyle kar\u015f\u0131land\u0131. Kar\u015f\u0131yaka Belediyesi, maa\u015flar\u0131n\u0131 \u00f6deyemedi\u011fi i\u015f\u00e7ilere aile pikni\u011fi d\u00fczenledi. Belediye Ba\u015fkan\u0131 Behice Y\u0131ld\u0131z \u00dcnsal\u2019\u0131n maa\u015flar\u0131n\u0131 gecikmeli ve par\u00e7a par\u00e7a alan i\u015f\u00e7ileri ve ailelerini pikni\u011fe g\u00f6t\u00fcrmesi, sendika taraf\u0131ndan tepkiyle kar\u015f\u0131land\u0131. Piknik organizasyonuna ilk tepki ise Disk Genel-\u0130\u015f \u0130zmir 10 No\u2019lu \u015eube Y\u00f6netim Kurulu ve \u0130\u015fyeri Sendika&#8230;<\/p>\n","protected":false},"author":1,"featured_media":31273,"comment_status":"open","ping_status":"open","sticky":false,"template":"","format":"standard","meta":{"_crdt_document":"","footnotes":""},"categories":[1],"tags":[],"class_list":["post-31272","post","type-post","status-publish","format-standard","has-post-thumbnail","hentry","category-guncel"],"_links":{"self":[{"href":"https:\/\/www.egemtv.com\/index.php?rest_route=\/wp\/v2\/posts\/31272","targetHints":{"allow":["GET"]}}],"collection":[{"href":"https:\/\/www.egemtv.com\/index.php?rest_route=\/wp\/v2\/posts"}],"about":[{"href":"https:\/\/www.egemtv.com\/index.php?rest_route=\/wp\/v2\/types\/post"}],"author":[{"embeddable":true,"href":"https:\/\/www.egemtv.com\/index.php?rest_route=\/wp\/v2\/users\/1"}],"replies":[{"embeddable":true,"href":"https:\/\/www.egemtv.com\/index.php?rest_route=%2Fwp%2Fv2%2Fcomments&post=31272"}],"version-history":[{"count":1,"href":"https:\/\/www.egemtv.com\/index.php?rest_route=\/wp\/v2\/posts\/31272\/revisions"}],"predecessor-version":[{"id":31274,"href":"https:\/\/www.egemtv.com\/index.php?rest_route=\/wp\/v2\/posts\/31272\/revisions\/31274"}],"wp:featuredmedia":[{"embeddable":true,"href":"https:\/\/www.egemtv.com\/index.php?rest_route=\/wp\/v2\/media\/31273"}],"wp:attachment":[{"href":"https:\/\/www.egemtv.com\/index.php?rest_route=%2Fwp%2Fv2%2Fmedia&parent=31272"}],"wp:term":[{"taxonomy":"category","embeddable":true,"href":"https:\/\/www.egemtv.com\/index.php?rest_route=%2Fwp%2Fv2%2Fcategories&post=31272"},{"taxonomy":"post_tag","embeddable":true,"href":"https:\/\/www.egemtv.com\/index.php?rest_route=%2Fwp%2Fv2%2Ftags&post=31272"}],"curies":[{"name":"wp","href":"https:\/\/api.w.org\/{rel}","templated":true}]}}